{"id":6505,"date":"2025-09-04T06:22:59","date_gmt":"2025-09-04T06:22:59","guid":{"rendered":"https:\/\/www.ral-c.com\/?p=6505"},"modified":"2025-10-13T10:27:56","modified_gmt":"2025-10-13T10:27:56","slug":"miesiac-pelen-swiatla-i-zapachow","status":"publish","type":"post","link":"https:\/\/www.ral-c.com\/pl\/miesiac-pelen-swiatla-i-zapachow\/","title":{"rendered":"Miesi\u0105c pe\u0142en \u015bwiat\u0142a i zapach\u00f3w"},"content":{"rendered":"\t\t<div data-elementor-type=\"wp-post\" data-elementor-id=\"6505\" class=\"elementor elementor-6505 elementor-6502\" data-elementor-post-type=\"post\">\n\t\t\t\t<div class=\"elementor-element elementor-element-24bb212 e-flex e-con-boxed e-con e-parent\" data-id=\"24bb212\" data-element_type=\"container\" data-e-type=\"container\">\n\t\t\t\t\t<div class=\"e-con-inner\">\n\t\t<div class=\"elementor-element elementor-element-a7a275e e-con-full e-flex e-con e-child\" data-id=\"a7a275e\" data-element_type=\"container\" data-e-type=\"container\">\n\t\t\t\t<div class=\"elementor-element elementor-element-336280d elementor-widget elementor-widget-theme-post-title elementor-page-title elementor-widget-heading\" data-id=\"336280d\" data-element_type=\"widget\" data-e-type=\"widget\" data-widget_type=\"theme-post-title.default\">\n\t\t\t\t<div class=\"elementor-widget-container\">\n\t\t\t\t\t<h1 class=\"elementor-heading-title elementor-size-default\">Miesi\u0105c pe\u0142en \u015bwiat\u0142a i zapach\u00f3w<\/h1>\t\t\t\t<\/div>\n\t\t\t\t<\/div>\n\t\t\t\t<div class=\"elementor-element elementor-element-c2d64e7 elementor-widget elementor-widget-image\" data-id=\"c2d64e7\" data-element_type=\"widget\" data-e-type=\"widget\" data-widget_type=\"image.default\">\n\t\t\t\t<div class=\"elementor-widget-container\">\n\t\t\t\t\t\t\t\t\t\t\t\t\t\t\t<img fetchpriority=\"high\" decoding=\"async\" width=\"2560\" height=\"1435\" src=\"https:\/\/www.ral-c.com\/wp-content\/uploads\/2025\/09\/RAL_Pressemitteilung_Herbstmotiv_PL-scaled.jpg\" class=\"attachment-full size-full wp-image-6528\" alt=\"\" srcset=\"https:\/\/www.ral-c.com\/wp-content\/uploads\/2025\/09\/RAL_Pressemitteilung_Herbstmotiv_PL-scaled.jpg 2560w, https:\/\/www.ral-c.com\/wp-content\/uploads\/2025\/09\/RAL_Pressemitteilung_Herbstmotiv_PL-300x168.jpg 300w, https:\/\/www.ral-c.com\/wp-content\/uploads\/2025\/09\/RAL_Pressemitteilung_Herbstmotiv_PL-1024x574.jpg 1024w, https:\/\/www.ral-c.com\/wp-content\/uploads\/2025\/09\/RAL_Pressemitteilung_Herbstmotiv_PL-768x430.jpg 768w, https:\/\/www.ral-c.com\/wp-content\/uploads\/2025\/09\/RAL_Pressemitteilung_Herbstmotiv_PL-1536x861.jpg 1536w, https:\/\/www.ral-c.com\/wp-content\/uploads\/2025\/09\/RAL_Pressemitteilung_Herbstmotiv_PL-2048x1148.jpg 2048w\" sizes=\"(max-width: 2560px) 100vw, 2560px\" \/>\t\t\t\t\t\t\t\t\t\t\t\t\t\t\t<\/div>\n\t\t\t\t<\/div>\n\t\t\t\t<\/div>\n\t\t<div class=\"elementor-element elementor-element-b0823cb e-con-full e-flex e-con e-child\" data-id=\"b0823cb\" data-element_type=\"container\" data-e-type=\"container\">\n\t\t\t\t<div class=\"elementor-element elementor-element-603ec7d elementor-widget elementor-widget-text-editor\" data-id=\"603ec7d\" data-element_type=\"widget\" data-e-type=\"widget\" data-widget_type=\"text-editor.default\">\n\t\t\t\t<div class=\"elementor-widget-container\">\n\t\t\t\t\t\t\t\t\t<p>\u015awiatowy Miesi\u0105c \u015awiec we wrze\u015bniu<\/p><p>We wrze\u015bniu \u015bwiat rozb\u0142yska szczeg\u00f3lnym blaskiem, poniewa\u017c jest to \u015awiatowy Miesi\u0105c \u015awiec. Ca\u0142y miesi\u0105c po\u015bwi\u0119cony jest urokowi i znaczeniu \u015bwiec. Niezale\u017cnie od tego, czy chodzi o przytulny dom, uroczyst\u0105 kolacj\u0119, czy po prostu chwil\u0119 relaksu \u2013 \u015bwiece tworz\u0105 niepowtarzaln\u0105 atmosfer\u0119 i s\u0105 nieodzownym elementem naszego codziennego \u017cycia.<\/p><p>\u015awiatowy Miesi\u0105c \u015awiec oddaje ho\u0142d wielowiekowej tradycji i wsp\u00f3\u0142czesnemu znaczeniu \u015bwiec. Pierwotnie u\u017cywane wy\u0142\u0105cznie jako \u017ar\u00f3d\u0142o \u015bwiat\u0142a, \u015bwiece sta\u0142y si\u0119 dzi\u015b wszechstronnym produktem lifestyle&#8217;owym i czym\u015b wi\u0119cej ni\u017c tylko \u017ar\u00f3d\u0142em \u015bwiat\u0142a. Nie tylko poprawiaj\u0105 nastr\u00f3j, ale s\u0105 r\u00f3wnie\u017c wyrazem stylu, osobowo\u015bci i dobrego samopoczucia.<\/p><p>Dlaczego \u015bwiece to co\u015b wi\u0119cej ni\u017c tylko wosk i knot:<br \/><span style=\"font-size: 1rem;\">Tw\u00f3rcy nastroju: delikatnie migocz\u0105ce \u015bwiat\u0142o mo\u017ce natychmiast odmieni\u0107 pomieszczenie. Tworzy ciep\u0142\u0105, przyjazn\u0105 i uspokajaj\u0105c\u0105 atmosfer\u0119, idealn\u0105 do relaksu po d\u0142ugim dniu.<\/span><\/p><p>Aromaterapia dla zmys\u0142\u00f3w: \u015bwiece zapachowe to ma\u0142e oazy wellness. Niezale\u017cnie od tego, czy jest to lawenda uspokajaj\u0105ca, cytrusowe zapachy pobudzaj\u0105ce, czy wanilia daj\u0105ca poczucie bezpiecze\u0144stwa \u2013 odpowiedni zapach mo\u017ce trwale poprawi\u0107 samopoczucie.<\/p>\t\t\t\t\t\t\t\t<\/div>\n\t\t\t\t<\/div>\n\t\t\t\t<\/div>\n\t\t<div class=\"elementor-element elementor-element-f4ca442 e-con-full e-flex e-con e-child\" data-id=\"f4ca442\" data-element_type=\"container\" data-e-type=\"container\">\n\t\t\t\t<div class=\"elementor-element elementor-element-5b80a79 elementor-widget elementor-widget-text-editor\" data-id=\"5b80a79\" data-element_type=\"widget\" data-e-type=\"widget\" data-widget_type=\"text-editor.default\">\n\t\t\t\t<div class=\"elementor-widget-container\">\n\t\t\t\t\t\t\t\t\t<p>Cz\u0119\u015b\u0107 rytua\u0142\u00f3w: \u015bwiece towarzysz\u0105 nam w wyj\u0105tkowych chwilach, czy to podczas urodzin, ceremonii religijnych, czy po prostu jako cz\u0119\u015b\u0107 \u015bwiadomego odpoczynku, aby znale\u017a\u0107 spok\u00f3j.<\/p>\n<p>Ten wyj\u0105tkowy miesi\u0105c ma zach\u0119ci\u0107 do odkrywania r\u00f3\u017cnorodno\u015bci \u015bwiec i \u015bwiadomego cieszenia si\u0119 ich dzia\u0142aniem. \u015awi\u0119tuj \u015awiatowy Miesi\u0105c \u015awiec, kupuj\u0105c now\u0105 ulubion\u0105 \u015bwiec\u0119, sp\u0119dzaj\u0105c wiecz\u00f3r przy blasku \u015bwiec lub po prostu ciesz\u0105c si\u0119 uspokajaj\u0105cym dzia\u0142aniem pojedynczego p\u0142omienia. Podziel si\u0119 swoimi osobistymi chwilami ze \u015bwiecami, u\u017cywaj\u0105c hashtagu #WorldCandleMonth.<\/p>\n<p><\/p>\n<p>Zwr\u00f3\u0107 uwag\u0119 na jako\u015b\u0107 \u015bwiec i lampion\u00f3w w sklepach. Niezawodnym znakiem jako\u015bci jest europejski znak jako\u015bci RAL dla \u015bwiec. \u015awiece z tym znakiem spe\u0142niaj\u0105 wysokie standardy i gwarantuj\u0105 sprawdzon\u0105 jako\u015b\u0107. Pal\u0105 si\u0119 spokojnie i r\u00f3wnomiernie do ko\u0144ca, nie dymi\u0105, nie wytwarzaj\u0105 sadzy i nie maj\u0105 negatywnego wp\u0142ywu na zdrowie. Wi\u0119cej informacji na ten temat mo\u017cna znale\u017a\u0107 na stronie internetowej ral-c.com.<\/p>\t\t\t\t\t\t\t\t<\/div>\n\t\t\t\t<\/div>\n\t\t\t\t<\/div>\n\t\t\t\t\t<\/div>\n\t\t\t\t<\/div>\n\t\t<div class=\"elementor-element elementor-element-19ebf00 e-flex e-con-boxed e-con e-parent\" data-id=\"19ebf00\" data-element_type=\"container\" data-e-type=\"container\">\n\t\t\t\t\t<div class=\"e-con-inner\">\n\t\t<div class=\"elementor-element elementor-element-a50b1d1 e-con-full e-flex e-con e-child\" data-id=\"a50b1d1\" data-element_type=\"container\" data-e-type=\"container\">\n\t\t\t\t<div class=\"elementor-element elementor-element-b2b3041 elementor-widget-tablet__width-initial elementor-view-default elementor-widget elementor-widget-icon\" data-id=\"b2b3041\" data-element_type=\"widget\" data-e-type=\"widget\" data-widget_type=\"icon.default\">\n\t\t\t\t<div class=\"elementor-widget-container\">\n\t\t\t\t\t\t\t<div class=\"elementor-icon-wrapper\">\n\t\t\t<a class=\"elementor-icon\" href=\"http:\/\/facebook.com\/sharer.php\" target=\"_blank\">\n\t\t\t<svg aria-hidden=\"true\" class=\"e-font-icon-svg e-fab-facebook-f\" viewBox=\"0 0 320 512\" xmlns=\"http:\/\/www.w3.org\/2000\/svg\"><path d=\"M279.14 288l14.22-92.66h-88.91v-60.13c0-25.35 12.42-50.06 52.24-50.06h40.42V6.26S260.43 0 225.36 0c-73.22 0-121.08 44.38-121.08 124.72v70.62H22.89V288h81.39v224h100.17V288z\"><\/path><\/svg>\t\t\t<\/a>\n\t\t<\/div>\n\t\t\t\t\t\t<\/div>\n\t\t\t\t<\/div>\n\t\t\t\t<div class=\"elementor-element elementor-element-7a1c14d elementor-widget-tablet__width-initial elementor-view-default elementor-widget elementor-widget-icon\" data-id=\"7a1c14d\" data-element_type=\"widget\" data-e-type=\"widget\" data-widget_type=\"icon.default\">\n\t\t\t\t<div class=\"elementor-widget-container\">\n\t\t\t\t\t\t\t<div class=\"elementor-icon-wrapper\">\n\t\t\t<a class=\"elementor-icon\" href=\"https:\/\/www.instagram.com\/ralqualitymarkcandles\/\" target=\"_blank\">\n\t\t\t<svg aria-hidden=\"true\" class=\"e-font-icon-svg e-fab-instagram\" viewBox=\"0 0 448 512\" xmlns=\"http:\/\/www.w3.org\/2000\/svg\"><path d=\"M224.1 141c-63.6 0-114.9 51.3-114.9 114.9s51.3 114.9 114.9 114.9S339 319.5 339 255.9 287.7 141 224.1 141zm0 189.6c-41.1 0-74.7-33.5-74.7-74.7s33.5-74.7 74.7-74.7 74.7 33.5 74.7 74.7-33.6 74.7-74.7 74.7zm146.4-194.3c0 14.9-12 26.8-26.8 26.8-14.9 0-26.8-12-26.8-26.8s12-26.8 26.8-26.8 26.8 12 26.8 26.8zm76.1 27.2c-1.7-35.9-9.9-67.7-36.2-93.9-26.2-26.2-58-34.4-93.9-36.2-37-2.1-147.9-2.1-184.9 0-35.8 1.7-67.6 9.9-93.9 36.1s-34.4 58-36.2 93.9c-2.1 37-2.1 147.9 0 184.9 1.7 35.9 9.9 67.7 36.2 93.9s58 34.4 93.9 36.2c37 2.1 147.9 2.1 184.9 0 35.9-1.7 67.7-9.9 93.9-36.2 26.2-26.2 34.4-58 36.2-93.9 2.1-37 2.1-147.8 0-184.8zM398.8 388c-7.8 19.6-22.9 34.7-42.6 42.6-29.5 11.7-99.5 9-132.1 9s-102.7 2.6-132.1-9c-19.6-7.8-34.7-22.9-42.6-42.6-11.7-29.5-9-99.5-9-132.1s-2.6-102.7 9-132.1c7.8-19.6 22.9-34.7 42.6-42.6 29.5-11.7 99.5-9 132.1-9s102.7-2.6 132.1 9c19.6 7.8 34.7 22.9 42.6 42.6 11.7 29.5 9 99.5 9 132.1s2.7 102.7-9 132.1z\"><\/path><\/svg>\t\t\t<\/a>\n\t\t<\/div>\n\t\t\t\t\t\t<\/div>\n\t\t\t\t<\/div>\n\t\t\t\t<\/div>\n\t\t\t\t\t<\/div>\n\t\t\t\t<\/div>\n\t\t\t\t<\/div>\n\t\t","protected":false},"excerpt":{"rendered":"<p>\u015awiatowy Miesi\u0105c \u015awiec we wrze\u015bniu We wrze\u015bniu \u015bwiat rozb\u0142yska szczeg\u00f3lnym blaskiem, poniewa\u017c jest to \u015awiatowy Miesi\u0105c \u015awiec. Ca\u0142y miesi\u0105c po\u015bwi\u0119cony jest urokowi i znaczeniu \u015bwiec. Niezale\u017cnie od tego, czy chodzi o przytulny dom, uroczyst\u0105 kolacj\u0119, czy po prostu chwil\u0119 relaksu \u2013 \u015bwiece tworz\u0105 niepowtarzaln\u0105 atmosfer\u0119 i s\u0105 nieodzownym elementem naszego codziennego \u017cycia. \u015awiatowy Miesi\u0105c \u015awiec [&hellip;]<\/p>\n","protected":false},"author":3,"featured_media":6528,"comment_status":"closed","ping_status":"closed","sticky":false,"template":"elementor_header_footer","format":"standard","meta":{"footnotes":""},"categories":[23],"tags":[],"class_list":["post-6505","post","type-post","status-publish","format-standard","has-post-thumbnail","hentry","category-bez-kategorii"],"acf":[],"yoast_head":"<!-- This site is optimized with the Yoast SEO plugin v27.2 - https:\/\/yoast.com\/product\/yoast-seo-wordpress\/ -->\n<title>Miesi\u0105c pe\u0142en \u015bwiat\u0142a i zapach\u00f3w - RAL<\/title>\n<meta name=\"description\" content=\"We wrze\u015bniu \u015bwiat rozb\u0142yska szczeg\u00f3lnym blaskiem, poniewa\u017c jest to \u015awiatowy Miesi\u0105c \u015awiec.\" \/>\n<meta name=\"robots\" content=\"index, follow, max-snippet:-1, max-image-preview:large, max-video-preview:-1\" \/>\n<link rel=\"canonical\" href=\"https:\/\/www.ral-c.com\/pl\/miesiac-pelen-swiatla-i-zapachow\/\" \/>\n<meta property=\"og:locale\" content=\"pl_PL\" \/>\n<meta property=\"og:type\" content=\"article\" \/>\n<meta property=\"og:title\" content=\"Miesi\u0105c pe\u0142en \u015bwiat\u0142a i zapach\u00f3w - RAL\" \/>\n<meta property=\"og:description\" content=\"We wrze\u015bniu \u015bwiat rozb\u0142yska szczeg\u00f3lnym blaskiem, poniewa\u017c jest to \u015awiatowy Miesi\u0105c \u015awiec.\" \/>\n<meta property=\"og:url\" content=\"https:\/\/www.ral-c.com\/pl\/miesiac-pelen-swiatla-i-zapachow\/\" \/>\n<meta property=\"og:site_name\" content=\"RAL\" \/>\n<meta property=\"article:publisher\" content=\"https:\/\/www.facebook.com\/kerzenguete\/\" \/>\n<meta property=\"article:published_time\" content=\"2025-09-04T06:22:59+00:00\" \/>\n<meta property=\"article:modified_time\" content=\"2025-10-13T10:27:56+00:00\" \/>\n<meta property=\"og:image\" content=\"https:\/\/www.ral-c.com\/wp-content\/uploads\/2025\/09\/RAL_Pressemitteilung_Herbstmotiv_PL-scaled.jpg\" \/>\n\t<meta property=\"og:image:width\" content=\"2560\" \/>\n\t<meta property=\"og:image:height\" content=\"1435\" \/>\n\t<meta property=\"og:image:type\" content=\"image\/jpeg\" \/>\n<meta name=\"author\" content=\"bm\" \/>\n<meta name=\"twitter:card\" content=\"summary_large_image\" \/>\n<meta name=\"twitter:label1\" content=\"Napisane przez\" \/>\n\t<meta name=\"twitter:data1\" content=\"bm\" \/>\n\t<meta name=\"twitter:label2\" content=\"Szacowany czas czytania\" \/>\n\t<meta name=\"twitter:data2\" content=\"2 minuty\" \/>\n<script type=\"application\/ld+json\" class=\"yoast-schema-graph\">{\"@context\":\"https:\/\/schema.org\",\"@graph\":[{\"@type\":\"Article\",\"@id\":\"https:\/\/www.ral-c.com\/pl\/miesiac-pelen-swiatla-i-zapachow\/#article\",\"isPartOf\":{\"@id\":\"https:\/\/www.ral-c.com\/pl\/miesiac-pelen-swiatla-i-zapachow\/\"},\"author\":{\"name\":\"bm\",\"@id\":\"https:\/\/www.ral-c.com\/pl\/#\/schema\/person\/4ef1d14498be2228466f0477068914de\"},\"headline\":\"Miesi\u0105c pe\u0142en \u015bwiat\u0142a i zapach\u00f3w\",\"datePublished\":\"2025-09-04T06:22:59+00:00\",\"dateModified\":\"2025-10-13T10:27:56+00:00\",\"mainEntityOfPage\":{\"@id\":\"https:\/\/www.ral-c.com\/pl\/miesiac-pelen-swiatla-i-zapachow\/\"},\"wordCount\":371,\"publisher\":{\"@id\":\"https:\/\/www.ral-c.com\/pl\/#organization\"},\"image\":{\"@id\":\"https:\/\/www.ral-c.com\/pl\/miesiac-pelen-swiatla-i-zapachow\/#primaryimage\"},\"thumbnailUrl\":\"https:\/\/www.ral-c.com\/wp-content\/uploads\/2025\/09\/RAL_Pressemitteilung_Herbstmotiv_PL-scaled.jpg\",\"inLanguage\":\"pl-PL\"},{\"@type\":\"WebPage\",\"@id\":\"https:\/\/www.ral-c.com\/pl\/miesiac-pelen-swiatla-i-zapachow\/\",\"url\":\"https:\/\/www.ral-c.com\/pl\/miesiac-pelen-swiatla-i-zapachow\/\",\"name\":\"Miesi\u0105c pe\u0142en \u015bwiat\u0142a i zapach\u00f3w - RAL\",\"isPartOf\":{\"@id\":\"https:\/\/www.ral-c.com\/pl\/#website\"},\"primaryImageOfPage\":{\"@id\":\"https:\/\/www.ral-c.com\/pl\/miesiac-pelen-swiatla-i-zapachow\/#primaryimage\"},\"image\":{\"@id\":\"https:\/\/www.ral-c.com\/pl\/miesiac-pelen-swiatla-i-zapachow\/#primaryimage\"},\"thumbnailUrl\":\"https:\/\/www.ral-c.com\/wp-content\/uploads\/2025\/09\/RAL_Pressemitteilung_Herbstmotiv_PL-scaled.jpg\",\"datePublished\":\"2025-09-04T06:22:59+00:00\",\"dateModified\":\"2025-10-13T10:27:56+00:00\",\"description\":\"We wrze\u015bniu \u015bwiat rozb\u0142yska szczeg\u00f3lnym blaskiem, poniewa\u017c jest to \u015awiatowy Miesi\u0105c \u015awiec.\",\"breadcrumb\":{\"@id\":\"https:\/\/www.ral-c.com\/pl\/miesiac-pelen-swiatla-i-zapachow\/#breadcrumb\"},\"inLanguage\":\"pl-PL\",\"potentialAction\":[{\"@type\":\"ReadAction\",\"target\":[\"https:\/\/www.ral-c.com\/pl\/miesiac-pelen-swiatla-i-zapachow\/\"]}]},{\"@type\":\"ImageObject\",\"inLanguage\":\"pl-PL\",\"@id\":\"https:\/\/www.ral-c.com\/pl\/miesiac-pelen-swiatla-i-zapachow\/#primaryimage\",\"url\":\"https:\/\/www.ral-c.com\/wp-content\/uploads\/2025\/09\/RAL_Pressemitteilung_Herbstmotiv_PL-scaled.jpg\",\"contentUrl\":\"https:\/\/www.ral-c.com\/wp-content\/uploads\/2025\/09\/RAL_Pressemitteilung_Herbstmotiv_PL-scaled.jpg\",\"width\":2560,\"height\":1435},{\"@type\":\"BreadcrumbList\",\"@id\":\"https:\/\/www.ral-c.com\/pl\/miesiac-pelen-swiatla-i-zapachow\/#breadcrumb\",\"itemListElement\":[{\"@type\":\"ListItem\",\"position\":1,\"name\":\"Home\",\"item\":\"https:\/\/www.ral-c.com\/pl\/\"},{\"@type\":\"ListItem\",\"position\":2,\"name\":\"Miesi\u0105c pe\u0142en \u015bwiat\u0142a i zapach\u00f3w\"}]},{\"@type\":\"WebSite\",\"@id\":\"https:\/\/www.ral-c.com\/pl\/#website\",\"url\":\"https:\/\/www.ral-c.com\/pl\/\",\"name\":\"RAL Quality Mark Candles\",\"description\":\"G\u00fctezeichen f\u00fcr Kerzen\",\"publisher\":{\"@id\":\"https:\/\/www.ral-c.com\/pl\/#organization\"},\"potentialAction\":[{\"@type\":\"SearchAction\",\"target\":{\"@type\":\"EntryPoint\",\"urlTemplate\":\"https:\/\/www.ral-c.com\/pl\/?s={search_term_string}\"},\"query-input\":{\"@type\":\"PropertyValueSpecification\",\"valueRequired\":true,\"valueName\":\"search_term_string\"}}],\"inLanguage\":\"pl-PL\"},{\"@type\":\"Organization\",\"@id\":\"https:\/\/www.ral-c.com\/pl\/#organization\",\"name\":\"RAL Quality Mark Candles\",\"url\":\"https:\/\/www.ral-c.com\/pl\/\",\"logo\":{\"@type\":\"ImageObject\",\"inLanguage\":\"pl-PL\",\"@id\":\"https:\/\/www.ral-c.com\/pl\/#\/schema\/logo\/image\/\",\"url\":\"https:\/\/www.ral-c.com\/wp-content\/uploads\/2024\/08\/ral-website-logo-en.jpg\",\"contentUrl\":\"https:\/\/www.ral-c.com\/wp-content\/uploads\/2024\/08\/ral-website-logo-en.jpg\",\"width\":739,\"height\":1419,\"caption\":\"RAL Quality Mark Candles\"},\"image\":{\"@id\":\"https:\/\/www.ral-c.com\/pl\/#\/schema\/logo\/image\/\"},\"sameAs\":[\"https:\/\/www.facebook.com\/kerzenguete\/\",\"https:\/\/www.instagram.com\/ralqualitymarkcandles\/\"]},{\"@type\":\"Person\",\"@id\":\"https:\/\/www.ral-c.com\/pl\/#\/schema\/person\/4ef1d14498be2228466f0477068914de\",\"name\":\"bm\",\"image\":{\"@type\":\"ImageObject\",\"inLanguage\":\"pl-PL\",\"@id\":\"https:\/\/secure.gravatar.com\/avatar\/34cd12946130a9d093cde0d69c7ea4e70505b2d71bbee746cd0902f82e60603d?s=96&d=mm&r=g\",\"url\":\"https:\/\/secure.gravatar.com\/avatar\/34cd12946130a9d093cde0d69c7ea4e70505b2d71bbee746cd0902f82e60603d?s=96&d=mm&r=g\",\"contentUrl\":\"https:\/\/secure.gravatar.com\/avatar\/34cd12946130a9d093cde0d69c7ea4e70505b2d71bbee746cd0902f82e60603d?s=96&d=mm&r=g\",\"caption\":\"bm\"},\"url\":\"https:\/\/www.ral-c.com\/pl\/author\/bm\/\"}]}<\/script>\n<!-- \/ Yoast SEO plugin. -->","yoast_head_json":{"title":"Miesi\u0105c pe\u0142en \u015bwiat\u0142a i zapach\u00f3w - RAL","description":"We wrze\u015bniu \u015bwiat rozb\u0142yska szczeg\u00f3lnym blaskiem, poniewa\u017c jest to \u015awiatowy Miesi\u0105c \u015awiec.","robots":{"index":"index","follow":"follow","max-snippet":"max-snippet:-1","max-image-preview":"max-image-preview:large","max-video-preview":"max-video-preview:-1"},"canonical":"https:\/\/www.ral-c.com\/pl\/miesiac-pelen-swiatla-i-zapachow\/","og_locale":"pl_PL","og_type":"article","og_title":"Miesi\u0105c pe\u0142en \u015bwiat\u0142a i zapach\u00f3w - RAL","og_description":"We wrze\u015bniu \u015bwiat rozb\u0142yska szczeg\u00f3lnym blaskiem, poniewa\u017c jest to \u015awiatowy Miesi\u0105c \u015awiec.","og_url":"https:\/\/www.ral-c.com\/pl\/miesiac-pelen-swiatla-i-zapachow\/","og_site_name":"RAL","article_publisher":"https:\/\/www.facebook.com\/kerzenguete\/","article_published_time":"2025-09-04T06:22:59+00:00","article_modified_time":"2025-10-13T10:27:56+00:00","og_image":[{"width":2560,"height":1435,"url":"https:\/\/www.ral-c.com\/wp-content\/uploads\/2025\/09\/RAL_Pressemitteilung_Herbstmotiv_PL-scaled.jpg","type":"image\/jpeg"}],"author":"bm","twitter_card":"summary_large_image","twitter_misc":{"Napisane przez":"bm","Szacowany czas czytania":"2 minuty"},"schema":{"@context":"https:\/\/schema.org","@graph":[{"@type":"Article","@id":"https:\/\/www.ral-c.com\/pl\/miesiac-pelen-swiatla-i-zapachow\/#article","isPartOf":{"@id":"https:\/\/www.ral-c.com\/pl\/miesiac-pelen-swiatla-i-zapachow\/"},"author":{"name":"bm","@id":"https:\/\/www.ral-c.com\/pl\/#\/schema\/person\/4ef1d14498be2228466f0477068914de"},"headline":"Miesi\u0105c pe\u0142en \u015bwiat\u0142a i zapach\u00f3w","datePublished":"2025-09-04T06:22:59+00:00","dateModified":"2025-10-13T10:27:56+00:00","mainEntityOfPage":{"@id":"https:\/\/www.ral-c.com\/pl\/miesiac-pelen-swiatla-i-zapachow\/"},"wordCount":371,"publisher":{"@id":"https:\/\/www.ral-c.com\/pl\/#organization"},"image":{"@id":"https:\/\/www.ral-c.com\/pl\/miesiac-pelen-swiatla-i-zapachow\/#primaryimage"},"thumbnailUrl":"https:\/\/www.ral-c.com\/wp-content\/uploads\/2025\/09\/RAL_Pressemitteilung_Herbstmotiv_PL-scaled.jpg","inLanguage":"pl-PL"},{"@type":"WebPage","@id":"https:\/\/www.ral-c.com\/pl\/miesiac-pelen-swiatla-i-zapachow\/","url":"https:\/\/www.ral-c.com\/pl\/miesiac-pelen-swiatla-i-zapachow\/","name":"Miesi\u0105c pe\u0142en \u015bwiat\u0142a i zapach\u00f3w - RAL","isPartOf":{"@id":"https:\/\/www.ral-c.com\/pl\/#website"},"primaryImageOfPage":{"@id":"https:\/\/www.ral-c.com\/pl\/miesiac-pelen-swiatla-i-zapachow\/#primaryimage"},"image":{"@id":"https:\/\/www.ral-c.com\/pl\/miesiac-pelen-swiatla-i-zapachow\/#primaryimage"},"thumbnailUrl":"https:\/\/www.ral-c.com\/wp-content\/uploads\/2025\/09\/RAL_Pressemitteilung_Herbstmotiv_PL-scaled.jpg","datePublished":"2025-09-04T06:22:59+00:00","dateModified":"2025-10-13T10:27:56+00:00","description":"We wrze\u015bniu \u015bwiat rozb\u0142yska szczeg\u00f3lnym blaskiem, poniewa\u017c jest to \u015awiatowy Miesi\u0105c \u015awiec.","breadcrumb":{"@id":"https:\/\/www.ral-c.com\/pl\/miesiac-pelen-swiatla-i-zapachow\/#breadcrumb"},"inLanguage":"pl-PL","potentialAction":[{"@type":"ReadAction","target":["https:\/\/www.ral-c.com\/pl\/miesiac-pelen-swiatla-i-zapachow\/"]}]},{"@type":"ImageObject","inLanguage":"pl-PL","@id":"https:\/\/www.ral-c.com\/pl\/miesiac-pelen-swiatla-i-zapachow\/#primaryimage","url":"https:\/\/www.ral-c.com\/wp-content\/uploads\/2025\/09\/RAL_Pressemitteilung_Herbstmotiv_PL-scaled.jpg","contentUrl":"https:\/\/www.ral-c.com\/wp-content\/uploads\/2025\/09\/RAL_Pressemitteilung_Herbstmotiv_PL-scaled.jpg","width":2560,"height":1435},{"@type":"BreadcrumbList","@id":"https:\/\/www.ral-c.com\/pl\/miesiac-pelen-swiatla-i-zapachow\/#breadcrumb","itemListElement":[{"@type":"ListItem","position":1,"name":"Home","item":"https:\/\/www.ral-c.com\/pl\/"},{"@type":"ListItem","position":2,"name":"Miesi\u0105c pe\u0142en \u015bwiat\u0142a i zapach\u00f3w"}]},{"@type":"WebSite","@id":"https:\/\/www.ral-c.com\/pl\/#website","url":"https:\/\/www.ral-c.com\/pl\/","name":"RAL Quality Mark Candles","description":"G\u00fctezeichen f\u00fcr Kerzen","publisher":{"@id":"https:\/\/www.ral-c.com\/pl\/#organization"},"potentialAction":[{"@type":"SearchAction","target":{"@type":"EntryPoint","urlTemplate":"https:\/\/www.ral-c.com\/pl\/?s={search_term_string}"},"query-input":{"@type":"PropertyValueSpecification","valueRequired":true,"valueName":"search_term_string"}}],"inLanguage":"pl-PL"},{"@type":"Organization","@id":"https:\/\/www.ral-c.com\/pl\/#organization","name":"RAL Quality Mark Candles","url":"https:\/\/www.ral-c.com\/pl\/","logo":{"@type":"ImageObject","inLanguage":"pl-PL","@id":"https:\/\/www.ral-c.com\/pl\/#\/schema\/logo\/image\/","url":"https:\/\/www.ral-c.com\/wp-content\/uploads\/2024\/08\/ral-website-logo-en.jpg","contentUrl":"https:\/\/www.ral-c.com\/wp-content\/uploads\/2024\/08\/ral-website-logo-en.jpg","width":739,"height":1419,"caption":"RAL Quality Mark Candles"},"image":{"@id":"https:\/\/www.ral-c.com\/pl\/#\/schema\/logo\/image\/"},"sameAs":["https:\/\/www.facebook.com\/kerzenguete\/","https:\/\/www.instagram.com\/ralqualitymarkcandles\/"]},{"@type":"Person","@id":"https:\/\/www.ral-c.com\/pl\/#\/schema\/person\/4ef1d14498be2228466f0477068914de","name":"bm","image":{"@type":"ImageObject","inLanguage":"pl-PL","@id":"https:\/\/secure.gravatar.com\/avatar\/34cd12946130a9d093cde0d69c7ea4e70505b2d71bbee746cd0902f82e60603d?s=96&d=mm&r=g","url":"https:\/\/secure.gravatar.com\/avatar\/34cd12946130a9d093cde0d69c7ea4e70505b2d71bbee746cd0902f82e60603d?s=96&d=mm&r=g","contentUrl":"https:\/\/secure.gravatar.com\/avatar\/34cd12946130a9d093cde0d69c7ea4e70505b2d71bbee746cd0902f82e60603d?s=96&d=mm&r=g","caption":"bm"},"url":"https:\/\/www.ral-c.com\/pl\/author\/bm\/"}]}},"_links":{"self":[{"href":"https:\/\/www.ral-c.com\/pl\/wp-json\/wp\/v2\/posts\/6505","targetHints":{"allow":["GET"]}}],"collection":[{"href":"https:\/\/www.ral-c.com\/pl\/wp-json\/wp\/v2\/posts"}],"about":[{"href":"https:\/\/www.ral-c.com\/pl\/wp-json\/wp\/v2\/types\/post"}],"author":[{"embeddable":true,"href":"https:\/\/www.ral-c.com\/pl\/wp-json\/wp\/v2\/users\/3"}],"replies":[{"embeddable":true,"href":"https:\/\/www.ral-c.com\/pl\/wp-json\/wp\/v2\/comments?post=6505"}],"version-history":[{"count":10,"href":"https:\/\/www.ral-c.com\/pl\/wp-json\/wp\/v2\/posts\/6505\/revisions"}],"predecessor-version":[{"id":6760,"href":"https:\/\/www.ral-c.com\/pl\/wp-json\/wp\/v2\/posts\/6505\/revisions\/6760"}],"wp:featuredmedia":[{"embeddable":true,"href":"https:\/\/www.ral-c.com\/pl\/wp-json\/wp\/v2\/media\/6528"}],"wp:attachment":[{"href":"https:\/\/www.ral-c.com\/pl\/wp-json\/wp\/v2\/media?parent=6505"}],"wp:term":[{"taxonomy":"category","embeddable":true,"href":"https:\/\/www.ral-c.com\/pl\/wp-json\/wp\/v2\/categories?post=6505"},{"taxonomy":"post_tag","embeddable":true,"href":"https:\/\/www.ral-c.com\/pl\/wp-json\/wp\/v2\/tags?post=6505"}],"curies":[{"name":"wp","href":"https:\/\/api.w.org\/{rel}","templated":true}]}}