{"id":6504,"date":"2025-09-04T06:22:59","date_gmt":"2025-09-04T06:22:59","guid":{"rendered":"https:\/\/www.ral-c.com\/?p=6504"},"modified":"2025-10-13T10:32:35","modified_gmt":"2025-10-13T10:32:35","slug":"un-mois-plein-de-lumiere-et-de-parfum","status":"publish","type":"post","link":"https:\/\/www.ral-c.com\/fr\/un-mois-plein-de-lumiere-et-de-parfum\/","title":{"rendered":"Un mois plein de lumi\u00e8re et de parfum"},"content":{"rendered":"\t\t<div data-elementor-type=\"wp-post\" data-elementor-id=\"6504\" class=\"elementor elementor-6504 elementor-6502\" data-elementor-post-type=\"post\">\n\t\t\t\t<div class=\"elementor-element elementor-element-24bb212 e-flex e-con-boxed e-con e-parent\" data-id=\"24bb212\" data-element_type=\"container\" data-e-type=\"container\">\n\t\t\t\t\t<div class=\"e-con-inner\">\n\t\t<div class=\"elementor-element elementor-element-a7a275e e-con-full e-flex e-con e-child\" data-id=\"a7a275e\" data-element_type=\"container\" data-e-type=\"container\">\n\t\t\t\t<div class=\"elementor-element elementor-element-336280d elementor-widget elementor-widget-theme-post-title elementor-page-title elementor-widget-heading\" data-id=\"336280d\" data-element_type=\"widget\" data-e-type=\"widget\" data-widget_type=\"theme-post-title.default\">\n\t\t\t\t<div class=\"elementor-widget-container\">\n\t\t\t\t\t<h1 class=\"elementor-heading-title elementor-size-default\">Un mois plein de lumi\u00e8re et de parfum<\/h1>\t\t\t\t<\/div>\n\t\t\t\t<\/div>\n\t\t\t\t<div class=\"elementor-element elementor-element-c2d64e7 elementor-widget elementor-widget-image\" data-id=\"c2d64e7\" data-element_type=\"widget\" data-e-type=\"widget\" data-widget_type=\"image.default\">\n\t\t\t\t<div class=\"elementor-widget-container\">\n\t\t\t\t\t\t\t\t\t\t\t\t\t\t\t<img fetchpriority=\"high\" decoding=\"async\" width=\"2560\" height=\"1435\" src=\"https:\/\/www.ral-c.com\/wp-content\/uploads\/2025\/09\/RAL_Pressemitteilung_Herbstmotiv_FR-scaled.jpg\" class=\"attachment-full size-full wp-image-6535\" alt=\"\" srcset=\"https:\/\/www.ral-c.com\/wp-content\/uploads\/2025\/09\/RAL_Pressemitteilung_Herbstmotiv_FR-scaled.jpg 2560w, https:\/\/www.ral-c.com\/wp-content\/uploads\/2025\/09\/RAL_Pressemitteilung_Herbstmotiv_FR-300x168.jpg 300w, https:\/\/www.ral-c.com\/wp-content\/uploads\/2025\/09\/RAL_Pressemitteilung_Herbstmotiv_FR-1024x574.jpg 1024w, https:\/\/www.ral-c.com\/wp-content\/uploads\/2025\/09\/RAL_Pressemitteilung_Herbstmotiv_FR-768x430.jpg 768w, https:\/\/www.ral-c.com\/wp-content\/uploads\/2025\/09\/RAL_Pressemitteilung_Herbstmotiv_FR-1536x861.jpg 1536w, https:\/\/www.ral-c.com\/wp-content\/uploads\/2025\/09\/RAL_Pressemitteilung_Herbstmotiv_FR-2048x1148.jpg 2048w\" sizes=\"(max-width: 2560px) 100vw, 2560px\" \/>\t\t\t\t\t\t\t\t\t\t\t\t\t\t\t<\/div>\n\t\t\t\t<\/div>\n\t\t\t\t<\/div>\n\t\t<div class=\"elementor-element elementor-element-b0823cb e-con-full e-flex e-con e-child\" data-id=\"b0823cb\" data-element_type=\"container\" data-e-type=\"container\">\n\t\t\t\t<div class=\"elementor-element elementor-element-603ec7d elementor-widget elementor-widget-text-editor\" data-id=\"603ec7d\" data-element_type=\"widget\" data-e-type=\"widget\" data-widget_type=\"text-editor.default\">\n\t\t\t\t<div class=\"elementor-widget-container\">\n\t\t\t\t\t\t\t\t\t<p>Le Mois mondial de la bougie en septembre<\/p>\n<p>En septembre, le monde brille d&rsquo;un \u00e9clat particulier, car c&rsquo;est le Mois mondial de la bougie. Un mois entier consacr\u00e9 au charme et \u00e0 l&rsquo;importance des bougies. Que ce soit pour cr\u00e9er une ambiance chaleureuse \u00e0 la maison, pour un d\u00eener festif ou simplement pour un moment de d\u00e9tente, les bougies cr\u00e9ent une atmosph\u00e8re unique et font partie int\u00e9grante de notre quotidien.<\/p>\n<p>Le Mois mondial de la bougie rend hommage \u00e0 la tradition s\u00e9culaire et \u00e0 la pertinence moderne de la bougie. Utilis\u00e9es \u00e0 l&rsquo;origine comme simple source de lumi\u00e8re, les bougies sont aujourd&rsquo;hui devenues un produit lifestyle polyvalent et bien plus qu&rsquo;une simple source de lumi\u00e8re. Elles ne se contentent pas d&rsquo;\u00e9gayer l&rsquo;ambiance, elles sont aussi l&rsquo;expression du style, de la personnalit\u00e9 et du bien-\u00eatre.<\/p>\n<p><\/p>\n<p>Pourquoi les bougies sont-elles bien plus que de la cire et une m\u00e8che ?<br><span style=\"font-size: 1rem;\">Elles cr\u00e9ent une ambiance : une lumi\u00e8re douce et vacillante peut transformer instantan\u00e9ment une pi\u00e8ce. Elle cr\u00e9e une atmosph\u00e8re chaleureuse, accueillante et apaisante, id\u00e9ale pour se d\u00e9tendre apr\u00e8s une longue journ\u00e9e.<\/span><\/p>\n<p>Elles sont une aromath\u00e9rapie pour les sens : les bougies parfum\u00e9es sont de petites oasis de bien-\u00eatre. Que ce soit la lavande pour apaiser, les parfums d&rsquo;agrumes pour revigorer ou la vanille pour procurer un sentiment de s\u00e9curit\u00e9, le parfum ad\u00e9quat peut am\u00e9liorer durablement le bien-\u00eatre personnel.<\/p>\n<p><\/p>\t\t\t\t\t\t\t\t<\/div>\n\t\t\t\t<\/div>\n\t\t\t\t<\/div>\n\t\t<div class=\"elementor-element elementor-element-f4ca442 e-con-full e-flex e-con e-child\" data-id=\"f4ca442\" data-element_type=\"container\" data-e-type=\"container\">\n\t\t\t\t<div class=\"elementor-element elementor-element-5b80a79 elementor-widget elementor-widget-text-editor\" data-id=\"5b80a79\" data-element_type=\"widget\" data-e-type=\"widget\" data-widget_type=\"text-editor.default\">\n\t\t\t\t<div class=\"elementor-widget-container\">\n\t\t\t\t\t\t\t\t\t<p>Partie int\u00e9grante des rituels : les bougies nous accompagnent dans les moments sp\u00e9ciaux, que ce soit lors de f\u00eates d&rsquo;anniversaire, de c\u00e9r\u00e9monies religieuses ou simplement dans le cadre d&rsquo;une pause consciente pour trouver la paix int\u00e9rieure.<\/p>\n<p>Ce mois sp\u00e9cial est l&rsquo;occasion de d\u00e9couvrir la diversit\u00e9 des bougies et d&rsquo;appr\u00e9cier consciemment leurs effets. C\u00e9l\u00e9brez le World Candle Month en vous offrant une nouvelle bougie pr\u00e9f\u00e9r\u00e9e, en passant une soir\u00e9e \u00e0 la lueur des bougies ou simplement en profitant de l&rsquo;effet apaisant d&rsquo;une seule flamme. Partagez vos moments personnels avec des bougies sous le hashtag #WorldCandleMonth.<\/p>\n<p>Dans le commerce, veillez \u00e0 la qualit\u00e9 des bougies et des lumi\u00e8res. Le label de qualit\u00e9 RAL, prot\u00e9g\u00e9 en tant que marque europ\u00e9enne, est un gage de fiabilit\u00e9. Les bougies portant ce label r\u00e9pondent \u00e0 des normes \u00e9lev\u00e9es et garantissent une qualit\u00e9 contr\u00f4l\u00e9e. Elles br\u00fblent de mani\u00e8re r\u00e9guli\u00e8re et uniforme jusqu&rsquo;\u00e0 la fin, ne d\u00e9gagent non visible fum\u00e9e et suie et n&rsquo;ont aucun effet n\u00e9gatif sur la sant\u00e9. Pour en savoir plus, rendez-vous sur le site ral-c.com.<\/p>\t\t\t\t\t\t\t\t<\/div>\n\t\t\t\t<\/div>\n\t\t\t\t<\/div>\n\t\t\t\t\t<\/div>\n\t\t\t\t<\/div>\n\t\t<div class=\"elementor-element elementor-element-19ebf00 e-flex e-con-boxed e-con e-parent\" data-id=\"19ebf00\" data-element_type=\"container\" data-e-type=\"container\">\n\t\t\t\t\t<div class=\"e-con-inner\">\n\t\t<div class=\"elementor-element elementor-element-a50b1d1 e-con-full e-flex e-con e-child\" data-id=\"a50b1d1\" data-element_type=\"container\" data-e-type=\"container\">\n\t\t\t\t<div class=\"elementor-element elementor-element-b2b3041 elementor-widget-tablet__width-initial elementor-view-default elementor-widget elementor-widget-icon\" data-id=\"b2b3041\" data-element_type=\"widget\" data-e-type=\"widget\" data-widget_type=\"icon.default\">\n\t\t\t\t<div class=\"elementor-widget-container\">\n\t\t\t\t\t\t\t<div class=\"elementor-icon-wrapper\">\n\t\t\t<a class=\"elementor-icon\" href=\"http:\/\/facebook.com\/sharer.php\" target=\"_blank\">\n\t\t\t<svg aria-hidden=\"true\" class=\"e-font-icon-svg e-fab-facebook-f\" viewBox=\"0 0 320 512\" xmlns=\"http:\/\/www.w3.org\/2000\/svg\"><path d=\"M279.14 288l14.22-92.66h-88.91v-60.13c0-25.35 12.42-50.06 52.24-50.06h40.42V6.26S260.43 0 225.36 0c-73.22 0-121.08 44.38-121.08 124.72v70.62H22.89V288h81.39v224h100.17V288z\"><\/path><\/svg>\t\t\t<\/a>\n\t\t<\/div>\n\t\t\t\t\t\t<\/div>\n\t\t\t\t<\/div>\n\t\t\t\t<div class=\"elementor-element elementor-element-7a1c14d elementor-widget-tablet__width-initial elementor-view-default elementor-widget elementor-widget-icon\" data-id=\"7a1c14d\" data-element_type=\"widget\" data-e-type=\"widget\" data-widget_type=\"icon.default\">\n\t\t\t\t<div class=\"elementor-widget-container\">\n\t\t\t\t\t\t\t<div class=\"elementor-icon-wrapper\">\n\t\t\t<a class=\"elementor-icon\" href=\"https:\/\/www.instagram.com\/ralqualitymarkcandles\/\" target=\"_blank\">\n\t\t\t<svg aria-hidden=\"true\" class=\"e-font-icon-svg e-fab-instagram\" viewBox=\"0 0 448 512\" xmlns=\"http:\/\/www.w3.org\/2000\/svg\"><path d=\"M224.1 141c-63.6 0-114.9 51.3-114.9 114.9s51.3 114.9 114.9 114.9S339 319.5 339 255.9 287.7 141 224.1 141zm0 189.6c-41.1 0-74.7-33.5-74.7-74.7s33.5-74.7 74.7-74.7 74.7 33.5 74.7 74.7-33.6 74.7-74.7 74.7zm146.4-194.3c0 14.9-12 26.8-26.8 26.8-14.9 0-26.8-12-26.8-26.8s12-26.8 26.8-26.8 26.8 12 26.8 26.8zm76.1 27.2c-1.7-35.9-9.9-67.7-36.2-93.9-26.2-26.2-58-34.4-93.9-36.2-37-2.1-147.9-2.1-184.9 0-35.8 1.7-67.6 9.9-93.9 36.1s-34.4 58-36.2 93.9c-2.1 37-2.1 147.9 0 184.9 1.7 35.9 9.9 67.7 36.2 93.9s58 34.4 93.9 36.2c37 2.1 147.9 2.1 184.9 0 35.9-1.7 67.7-9.9 93.9-36.2 26.2-26.2 34.4-58 36.2-93.9 2.1-37 2.1-147.8 0-184.8zM398.8 388c-7.8 19.6-22.9 34.7-42.6 42.6-29.5 11.7-99.5 9-132.1 9s-102.7 2.6-132.1-9c-19.6-7.8-34.7-22.9-42.6-42.6-11.7-29.5-9-99.5-9-132.1s-2.6-102.7 9-132.1c7.8-19.6 22.9-34.7 42.6-42.6 29.5-11.7 99.5-9 132.1-9s102.7-2.6 132.1 9c19.6 7.8 34.7 22.9 42.6 42.6 11.7 29.5 9 99.5 9 132.1s2.7 102.7-9 132.1z\"><\/path><\/svg>\t\t\t<\/a>\n\t\t<\/div>\n\t\t\t\t\t\t<\/div>\n\t\t\t\t<\/div>\n\t\t\t\t<\/div>\n\t\t\t\t\t<\/div>\n\t\t\t\t<\/div>\n\t\t\t\t<\/div>\n\t\t","protected":false},"excerpt":{"rendered":"<p>Le Mois mondial de la bougie en septembre En septembre, le monde brille d&rsquo;un \u00e9clat particulier, car c&rsquo;est le Mois mondial de la bougie. Un mois entier consacr\u00e9 au charme et \u00e0 l&rsquo;importance des bougies. Que ce soit pour cr\u00e9er une ambiance chaleureuse \u00e0 la maison, pour un d\u00eener festif ou simplement pour un moment [&hellip;]<\/p>\n","protected":false},"author":3,"featured_media":6535,"comment_status":"closed","ping_status":"closed","sticky":false,"template":"elementor_header_footer","format":"standard","meta":{"footnotes":""},"categories":[1],"tags":[],"class_list":["post-6504","post","type-post","status-publish","format-standard","has-post-thumbnail","hentry","category-press"],"acf":[],"yoast_head":"<!-- This site is optimized with the Yoast SEO plugin v27.2 - https:\/\/yoast.com\/product\/yoast-seo-wordpress\/ -->\n<title>Un mois plein de lumi\u00e8re et de parfum - RAL<\/title>\n<meta name=\"description\" content=\"En septembre, le monde brille d&#039;un \u00e9clat particulier, car c&#039;est le Mois mondial de la bougie. Un mois entier consacr\u00e9 au charme et \u00e0 l&#039;importance des bougies.\" \/>\n<meta name=\"robots\" content=\"index, follow, max-snippet:-1, max-image-preview:large, max-video-preview:-1\" \/>\n<link rel=\"canonical\" href=\"https:\/\/www.ral-c.com\/fr\/un-mois-plein-de-lumiere-et-de-parfum\/\" \/>\n<meta property=\"og:locale\" content=\"fr_FR\" \/>\n<meta property=\"og:type\" content=\"article\" \/>\n<meta property=\"og:title\" content=\"Un mois plein de lumi\u00e8re et de parfum - RAL\" \/>\n<meta property=\"og:description\" content=\"En septembre, le monde brille d&#039;un \u00e9clat particulier, car c&#039;est le Mois mondial de la bougie. Un mois entier consacr\u00e9 au charme et \u00e0 l&#039;importance des bougies.\" \/>\n<meta property=\"og:url\" content=\"https:\/\/www.ral-c.com\/fr\/un-mois-plein-de-lumiere-et-de-parfum\/\" \/>\n<meta property=\"og:site_name\" content=\"RAL\" \/>\n<meta property=\"article:publisher\" content=\"https:\/\/www.facebook.com\/kerzenguete\/\" \/>\n<meta property=\"article:published_time\" content=\"2025-09-04T06:22:59+00:00\" \/>\n<meta property=\"article:modified_time\" content=\"2025-10-13T10:32:35+00:00\" \/>\n<meta property=\"og:image\" content=\"https:\/\/www.ral-c.com\/wp-content\/uploads\/2025\/09\/RAL_Pressemitteilung_Herbstmotiv_FR-scaled.jpg\" \/>\n\t<meta property=\"og:image:width\" content=\"2560\" \/>\n\t<meta property=\"og:image:height\" content=\"1435\" \/>\n\t<meta property=\"og:image:type\" content=\"image\/jpeg\" \/>\n<meta name=\"author\" content=\"bm\" \/>\n<meta name=\"twitter:card\" content=\"summary_large_image\" \/>\n<meta name=\"twitter:label1\" content=\"\u00c9crit par\" \/>\n\t<meta name=\"twitter:data1\" content=\"bm\" \/>\n\t<meta name=\"twitter:label2\" content=\"Dur\u00e9e de lecture estim\u00e9e\" \/>\n\t<meta name=\"twitter:data2\" content=\"3 minutes\" \/>\n<script type=\"application\/ld+json\" class=\"yoast-schema-graph\">{\"@context\":\"https:\/\/schema.org\",\"@graph\":[{\"@type\":\"Article\",\"@id\":\"https:\/\/www.ral-c.com\/fr\/un-mois-plein-de-lumiere-et-de-parfum\/#article\",\"isPartOf\":{\"@id\":\"https:\/\/www.ral-c.com\/fr\/un-mois-plein-de-lumiere-et-de-parfum\/\"},\"author\":{\"name\":\"bm\",\"@id\":\"https:\/\/www.ral-c.com\/fr\/#\/schema\/person\/4ef1d14498be2228466f0477068914de\"},\"headline\":\"Un mois plein de lumi\u00e8re et de parfum\",\"datePublished\":\"2025-09-04T06:22:59+00:00\",\"dateModified\":\"2025-10-13T10:32:35+00:00\",\"mainEntityOfPage\":{\"@id\":\"https:\/\/www.ral-c.com\/fr\/un-mois-plein-de-lumiere-et-de-parfum\/\"},\"wordCount\":470,\"publisher\":{\"@id\":\"https:\/\/www.ral-c.com\/fr\/#organization\"},\"image\":{\"@id\":\"https:\/\/www.ral-c.com\/fr\/un-mois-plein-de-lumiere-et-de-parfum\/#primaryimage\"},\"thumbnailUrl\":\"https:\/\/www.ral-c.com\/wp-content\/uploads\/2025\/09\/RAL_Pressemitteilung_Herbstmotiv_FR-scaled.jpg\",\"articleSection\":[\"Pressemitteilungen\"],\"inLanguage\":\"fr-FR\"},{\"@type\":\"WebPage\",\"@id\":\"https:\/\/www.ral-c.com\/fr\/un-mois-plein-de-lumiere-et-de-parfum\/\",\"url\":\"https:\/\/www.ral-c.com\/fr\/un-mois-plein-de-lumiere-et-de-parfum\/\",\"name\":\"Un mois plein de lumi\u00e8re et de parfum - RAL\",\"isPartOf\":{\"@id\":\"https:\/\/www.ral-c.com\/fr\/#website\"},\"primaryImageOfPage\":{\"@id\":\"https:\/\/www.ral-c.com\/fr\/un-mois-plein-de-lumiere-et-de-parfum\/#primaryimage\"},\"image\":{\"@id\":\"https:\/\/www.ral-c.com\/fr\/un-mois-plein-de-lumiere-et-de-parfum\/#primaryimage\"},\"thumbnailUrl\":\"https:\/\/www.ral-c.com\/wp-content\/uploads\/2025\/09\/RAL_Pressemitteilung_Herbstmotiv_FR-scaled.jpg\",\"datePublished\":\"2025-09-04T06:22:59+00:00\",\"dateModified\":\"2025-10-13T10:32:35+00:00\",\"description\":\"En septembre, le monde brille d'un \u00e9clat particulier, car c'est le Mois mondial de la bougie. Un mois entier consacr\u00e9 au charme et \u00e0 l'importance des bougies.\",\"breadcrumb\":{\"@id\":\"https:\/\/www.ral-c.com\/fr\/un-mois-plein-de-lumiere-et-de-parfum\/#breadcrumb\"},\"inLanguage\":\"fr-FR\",\"potentialAction\":[{\"@type\":\"ReadAction\",\"target\":[\"https:\/\/www.ral-c.com\/fr\/un-mois-plein-de-lumiere-et-de-parfum\/\"]}]},{\"@type\":\"ImageObject\",\"inLanguage\":\"fr-FR\",\"@id\":\"https:\/\/www.ral-c.com\/fr\/un-mois-plein-de-lumiere-et-de-parfum\/#primaryimage\",\"url\":\"https:\/\/www.ral-c.com\/wp-content\/uploads\/2025\/09\/RAL_Pressemitteilung_Herbstmotiv_FR-scaled.jpg\",\"contentUrl\":\"https:\/\/www.ral-c.com\/wp-content\/uploads\/2025\/09\/RAL_Pressemitteilung_Herbstmotiv_FR-scaled.jpg\",\"width\":2560,\"height\":1435},{\"@type\":\"BreadcrumbList\",\"@id\":\"https:\/\/www.ral-c.com\/fr\/un-mois-plein-de-lumiere-et-de-parfum\/#breadcrumb\",\"itemListElement\":[{\"@type\":\"ListItem\",\"position\":1,\"name\":\"Home\",\"item\":\"https:\/\/www.ral-c.com\/fr\/\"},{\"@type\":\"ListItem\",\"position\":2,\"name\":\"Un mois plein de lumi\u00e8re et de parfum\"}]},{\"@type\":\"WebSite\",\"@id\":\"https:\/\/www.ral-c.com\/fr\/#website\",\"url\":\"https:\/\/www.ral-c.com\/fr\/\",\"name\":\"RAL Quality Mark Candles\",\"description\":\"G\u00fctezeichen f\u00fcr Kerzen\",\"publisher\":{\"@id\":\"https:\/\/www.ral-c.com\/fr\/#organization\"},\"potentialAction\":[{\"@type\":\"SearchAction\",\"target\":{\"@type\":\"EntryPoint\",\"urlTemplate\":\"https:\/\/www.ral-c.com\/fr\/?s={search_term_string}\"},\"query-input\":{\"@type\":\"PropertyValueSpecification\",\"valueRequired\":true,\"valueName\":\"search_term_string\"}}],\"inLanguage\":\"fr-FR\"},{\"@type\":\"Organization\",\"@id\":\"https:\/\/www.ral-c.com\/fr\/#organization\",\"name\":\"RAL Quality Mark Candles\",\"url\":\"https:\/\/www.ral-c.com\/fr\/\",\"logo\":{\"@type\":\"ImageObject\",\"inLanguage\":\"fr-FR\",\"@id\":\"https:\/\/www.ral-c.com\/fr\/#\/schema\/logo\/image\/\",\"url\":\"https:\/\/www.ral-c.com\/wp-content\/uploads\/2024\/08\/ral-website-logo-en.jpg\",\"contentUrl\":\"https:\/\/www.ral-c.com\/wp-content\/uploads\/2024\/08\/ral-website-logo-en.jpg\",\"width\":739,\"height\":1419,\"caption\":\"RAL Quality Mark Candles\"},\"image\":{\"@id\":\"https:\/\/www.ral-c.com\/fr\/#\/schema\/logo\/image\/\"},\"sameAs\":[\"https:\/\/www.facebook.com\/kerzenguete\/\",\"https:\/\/www.instagram.com\/ralqualitymarkcandles\/\"]},{\"@type\":\"Person\",\"@id\":\"https:\/\/www.ral-c.com\/fr\/#\/schema\/person\/4ef1d14498be2228466f0477068914de\",\"name\":\"bm\",\"image\":{\"@type\":\"ImageObject\",\"inLanguage\":\"fr-FR\",\"@id\":\"https:\/\/secure.gravatar.com\/avatar\/34cd12946130a9d093cde0d69c7ea4e70505b2d71bbee746cd0902f82e60603d?s=96&d=mm&r=g\",\"url\":\"https:\/\/secure.gravatar.com\/avatar\/34cd12946130a9d093cde0d69c7ea4e70505b2d71bbee746cd0902f82e60603d?s=96&d=mm&r=g\",\"contentUrl\":\"https:\/\/secure.gravatar.com\/avatar\/34cd12946130a9d093cde0d69c7ea4e70505b2d71bbee746cd0902f82e60603d?s=96&d=mm&r=g\",\"caption\":\"bm\"},\"url\":\"https:\/\/www.ral-c.com\/fr\/author\/bm\/\"}]}<\/script>\n<!-- \/ Yoast SEO plugin. -->","yoast_head_json":{"title":"Un mois plein de lumi\u00e8re et de parfum - RAL","description":"En septembre, le monde brille d'un \u00e9clat particulier, car c'est le Mois mondial de la bougie. Un mois entier consacr\u00e9 au charme et \u00e0 l'importance des bougies.","robots":{"index":"index","follow":"follow","max-snippet":"max-snippet:-1","max-image-preview":"max-image-preview:large","max-video-preview":"max-video-preview:-1"},"canonical":"https:\/\/www.ral-c.com\/fr\/un-mois-plein-de-lumiere-et-de-parfum\/","og_locale":"fr_FR","og_type":"article","og_title":"Un mois plein de lumi\u00e8re et de parfum - RAL","og_description":"En septembre, le monde brille d'un \u00e9clat particulier, car c'est le Mois mondial de la bougie. Un mois entier consacr\u00e9 au charme et \u00e0 l'importance des bougies.","og_url":"https:\/\/www.ral-c.com\/fr\/un-mois-plein-de-lumiere-et-de-parfum\/","og_site_name":"RAL","article_publisher":"https:\/\/www.facebook.com\/kerzenguete\/","article_published_time":"2025-09-04T06:22:59+00:00","article_modified_time":"2025-10-13T10:32:35+00:00","og_image":[{"width":2560,"height":1435,"url":"https:\/\/www.ral-c.com\/wp-content\/uploads\/2025\/09\/RAL_Pressemitteilung_Herbstmotiv_FR-scaled.jpg","type":"image\/jpeg"}],"author":"bm","twitter_card":"summary_large_image","twitter_misc":{"\u00c9crit par":"bm","Dur\u00e9e de lecture estim\u00e9e":"3 minutes"},"schema":{"@context":"https:\/\/schema.org","@graph":[{"@type":"Article","@id":"https:\/\/www.ral-c.com\/fr\/un-mois-plein-de-lumiere-et-de-parfum\/#article","isPartOf":{"@id":"https:\/\/www.ral-c.com\/fr\/un-mois-plein-de-lumiere-et-de-parfum\/"},"author":{"name":"bm","@id":"https:\/\/www.ral-c.com\/fr\/#\/schema\/person\/4ef1d14498be2228466f0477068914de"},"headline":"Un mois plein de lumi\u00e8re et de parfum","datePublished":"2025-09-04T06:22:59+00:00","dateModified":"2025-10-13T10:32:35+00:00","mainEntityOfPage":{"@id":"https:\/\/www.ral-c.com\/fr\/un-mois-plein-de-lumiere-et-de-parfum\/"},"wordCount":470,"publisher":{"@id":"https:\/\/www.ral-c.com\/fr\/#organization"},"image":{"@id":"https:\/\/www.ral-c.com\/fr\/un-mois-plein-de-lumiere-et-de-parfum\/#primaryimage"},"thumbnailUrl":"https:\/\/www.ral-c.com\/wp-content\/uploads\/2025\/09\/RAL_Pressemitteilung_Herbstmotiv_FR-scaled.jpg","articleSection":["Pressemitteilungen"],"inLanguage":"fr-FR"},{"@type":"WebPage","@id":"https:\/\/www.ral-c.com\/fr\/un-mois-plein-de-lumiere-et-de-parfum\/","url":"https:\/\/www.ral-c.com\/fr\/un-mois-plein-de-lumiere-et-de-parfum\/","name":"Un mois plein de lumi\u00e8re et de parfum - RAL","isPartOf":{"@id":"https:\/\/www.ral-c.com\/fr\/#website"},"primaryImageOfPage":{"@id":"https:\/\/www.ral-c.com\/fr\/un-mois-plein-de-lumiere-et-de-parfum\/#primaryimage"},"image":{"@id":"https:\/\/www.ral-c.com\/fr\/un-mois-plein-de-lumiere-et-de-parfum\/#primaryimage"},"thumbnailUrl":"https:\/\/www.ral-c.com\/wp-content\/uploads\/2025\/09\/RAL_Pressemitteilung_Herbstmotiv_FR-scaled.jpg","datePublished":"2025-09-04T06:22:59+00:00","dateModified":"2025-10-13T10:32:35+00:00","description":"En septembre, le monde brille d'un \u00e9clat particulier, car c'est le Mois mondial de la bougie. Un mois entier consacr\u00e9 au charme et \u00e0 l'importance des bougies.","breadcrumb":{"@id":"https:\/\/www.ral-c.com\/fr\/un-mois-plein-de-lumiere-et-de-parfum\/#breadcrumb"},"inLanguage":"fr-FR","potentialAction":[{"@type":"ReadAction","target":["https:\/\/www.ral-c.com\/fr\/un-mois-plein-de-lumiere-et-de-parfum\/"]}]},{"@type":"ImageObject","inLanguage":"fr-FR","@id":"https:\/\/www.ral-c.com\/fr\/un-mois-plein-de-lumiere-et-de-parfum\/#primaryimage","url":"https:\/\/www.ral-c.com\/wp-content\/uploads\/2025\/09\/RAL_Pressemitteilung_Herbstmotiv_FR-scaled.jpg","contentUrl":"https:\/\/www.ral-c.com\/wp-content\/uploads\/2025\/09\/RAL_Pressemitteilung_Herbstmotiv_FR-scaled.jpg","width":2560,"height":1435},{"@type":"BreadcrumbList","@id":"https:\/\/www.ral-c.com\/fr\/un-mois-plein-de-lumiere-et-de-parfum\/#breadcrumb","itemListElement":[{"@type":"ListItem","position":1,"name":"Home","item":"https:\/\/www.ral-c.com\/fr\/"},{"@type":"ListItem","position":2,"name":"Un mois plein de lumi\u00e8re et de parfum"}]},{"@type":"WebSite","@id":"https:\/\/www.ral-c.com\/fr\/#website","url":"https:\/\/www.ral-c.com\/fr\/","name":"RAL Quality Mark Candles","description":"G\u00fctezeichen f\u00fcr Kerzen","publisher":{"@id":"https:\/\/www.ral-c.com\/fr\/#organization"},"potentialAction":[{"@type":"SearchAction","target":{"@type":"EntryPoint","urlTemplate":"https:\/\/www.ral-c.com\/fr\/?s={search_term_string}"},"query-input":{"@type":"PropertyValueSpecification","valueRequired":true,"valueName":"search_term_string"}}],"inLanguage":"fr-FR"},{"@type":"Organization","@id":"https:\/\/www.ral-c.com\/fr\/#organization","name":"RAL Quality Mark Candles","url":"https:\/\/www.ral-c.com\/fr\/","logo":{"@type":"ImageObject","inLanguage":"fr-FR","@id":"https:\/\/www.ral-c.com\/fr\/#\/schema\/logo\/image\/","url":"https:\/\/www.ral-c.com\/wp-content\/uploads\/2024\/08\/ral-website-logo-en.jpg","contentUrl":"https:\/\/www.ral-c.com\/wp-content\/uploads\/2024\/08\/ral-website-logo-en.jpg","width":739,"height":1419,"caption":"RAL Quality Mark Candles"},"image":{"@id":"https:\/\/www.ral-c.com\/fr\/#\/schema\/logo\/image\/"},"sameAs":["https:\/\/www.facebook.com\/kerzenguete\/","https:\/\/www.instagram.com\/ralqualitymarkcandles\/"]},{"@type":"Person","@id":"https:\/\/www.ral-c.com\/fr\/#\/schema\/person\/4ef1d14498be2228466f0477068914de","name":"bm","image":{"@type":"ImageObject","inLanguage":"fr-FR","@id":"https:\/\/secure.gravatar.com\/avatar\/34cd12946130a9d093cde0d69c7ea4e70505b2d71bbee746cd0902f82e60603d?s=96&d=mm&r=g","url":"https:\/\/secure.gravatar.com\/avatar\/34cd12946130a9d093cde0d69c7ea4e70505b2d71bbee746cd0902f82e60603d?s=96&d=mm&r=g","contentUrl":"https:\/\/secure.gravatar.com\/avatar\/34cd12946130a9d093cde0d69c7ea4e70505b2d71bbee746cd0902f82e60603d?s=96&d=mm&r=g","caption":"bm"},"url":"https:\/\/www.ral-c.com\/fr\/author\/bm\/"}]}},"_links":{"self":[{"href":"https:\/\/www.ral-c.com\/fr\/wp-json\/wp\/v2\/posts\/6504","targetHints":{"allow":["GET"]}}],"collection":[{"href":"https:\/\/www.ral-c.com\/fr\/wp-json\/wp\/v2\/posts"}],"about":[{"href":"https:\/\/www.ral-c.com\/fr\/wp-json\/wp\/v2\/types\/post"}],"author":[{"embeddable":true,"href":"https:\/\/www.ral-c.com\/fr\/wp-json\/wp\/v2\/users\/3"}],"replies":[{"embeddable":true,"href":"https:\/\/www.ral-c.com\/fr\/wp-json\/wp\/v2\/comments?post=6504"}],"version-history":[{"count":10,"href":"https:\/\/www.ral-c.com\/fr\/wp-json\/wp\/v2\/posts\/6504\/revisions"}],"predecessor-version":[{"id":6772,"href":"https:\/\/www.ral-c.com\/fr\/wp-json\/wp\/v2\/posts\/6504\/revisions\/6772"}],"wp:featuredmedia":[{"embeddable":true,"href":"https:\/\/www.ral-c.com\/fr\/wp-json\/wp\/v2\/media\/6535"}],"wp:attachment":[{"href":"https:\/\/www.ral-c.com\/fr\/wp-json\/wp\/v2\/media?parent=6504"}],"wp:term":[{"taxonomy":"category","embeddable":true,"href":"https:\/\/www.ral-c.com\/fr\/wp-json\/wp\/v2\/categories?post=6504"},{"taxonomy":"post_tag","embeddable":true,"href":"https:\/\/www.ral-c.com\/fr\/wp-json\/wp\/v2\/tags?post=6504"}],"curies":[{"name":"wp","href":"https:\/\/api.w.org\/{rel}","templated":true}]}}