{"id":7908,"date":"2026-01-27T15:20:18","date_gmt":"2026-01-27T14:20:18","guid":{"rendered":"https:\/\/www.ral-c.com\/?p=7908"},"modified":"2026-01-27T15:20:18","modified_gmt":"2026-01-27T14:20:18","slug":"antidumpingzolle","status":"publish","type":"post","link":"https:\/\/www.ral-c.com\/de\/antidumpingzolle\/","title":{"rendered":"Meilenstein f\u00fcr fairen Wettbewerb: EU f\u00fchrt endg\u00fcltige Antidumpingz\u00f6lle auf Kerzenimporte aus China ein"},"content":{"rendered":"\t\t<div data-elementor-type=\"wp-post\" data-elementor-id=\"7908\" class=\"elementor elementor-7908\" data-elementor-post-type=\"post\">\n\t\t\t\t<div class=\"elementor-element elementor-element-24bb212 e-flex e-con-boxed e-con e-parent\" data-id=\"24bb212\" data-element_type=\"container\" data-e-type=\"container\">\n\t\t\t\t\t<div class=\"e-con-inner\">\n\t\t<div class=\"elementor-element elementor-element-a7a275e e-con-full e-flex e-con e-child\" data-id=\"a7a275e\" data-element_type=\"container\" data-e-type=\"container\">\n\t\t\t\t<div class=\"elementor-element elementor-element-336280d elementor-widget elementor-widget-theme-post-title elementor-page-title elementor-widget-heading\" data-id=\"336280d\" data-element_type=\"widget\" data-e-type=\"widget\" data-widget_type=\"theme-post-title.default\">\n\t\t\t\t<div class=\"elementor-widget-container\">\n\t\t\t\t\t<h1 class=\"elementor-heading-title elementor-size-default\">Meilenstein f\u00fcr fairen Wettbewerb: EU f\u00fchrt endg\u00fcltige Antidumpingz\u00f6lle auf Kerzenimporte aus China ein<\/h1>\t\t\t\t<\/div>\n\t\t\t\t<\/div>\n\t\t\t\t<div class=\"elementor-element elementor-element-c2d64e7 elementor-widget elementor-widget-image\" data-id=\"c2d64e7\" data-element_type=\"widget\" data-e-type=\"widget\" data-widget_type=\"image.default\">\n\t\t\t\t<div class=\"elementor-widget-container\">\n\t\t\t\t\t\t\t\t\t\t\t\t\t\t\t<img fetchpriority=\"high\" decoding=\"async\" width=\"2560\" height=\"1706\" src=\"https:\/\/www.ral-c.com\/wp-content\/uploads\/2026\/01\/RAL_Pressemeldung_2026_Durchfuhrungsverordnung-EU-2026157-scaled.jpg\" class=\"attachment-full size-full wp-image-7914\" alt=\"\" srcset=\"https:\/\/www.ral-c.com\/wp-content\/uploads\/2026\/01\/RAL_Pressemeldung_2026_Durchfuhrungsverordnung-EU-2026157-scaled.jpg 2560w, https:\/\/www.ral-c.com\/wp-content\/uploads\/2026\/01\/RAL_Pressemeldung_2026_Durchfuhrungsverordnung-EU-2026157-300x200.jpg 300w, https:\/\/www.ral-c.com\/wp-content\/uploads\/2026\/01\/RAL_Pressemeldung_2026_Durchfuhrungsverordnung-EU-2026157-1024x683.jpg 1024w, https:\/\/www.ral-c.com\/wp-content\/uploads\/2026\/01\/RAL_Pressemeldung_2026_Durchfuhrungsverordnung-EU-2026157-768x512.jpg 768w, https:\/\/www.ral-c.com\/wp-content\/uploads\/2026\/01\/RAL_Pressemeldung_2026_Durchfuhrungsverordnung-EU-2026157-1536x1024.jpg 1536w, https:\/\/www.ral-c.com\/wp-content\/uploads\/2026\/01\/RAL_Pressemeldung_2026_Durchfuhrungsverordnung-EU-2026157-2048x1365.jpg 2048w\" sizes=\"(max-width: 2560px) 100vw, 2560px\" \/>\t\t\t\t\t\t\t\t\t\t\t\t\t\t\t<\/div>\n\t\t\t\t<\/div>\n\t\t\t\t<\/div>\n\t\t<div class=\"elementor-element elementor-element-b0823cb e-con-full e-flex e-con e-child\" data-id=\"b0823cb\" data-element_type=\"container\" data-e-type=\"container\">\n\t\t\t\t<div class=\"elementor-element elementor-element-603ec7d elementor-widget elementor-widget-text-editor\" data-id=\"603ec7d\" data-element_type=\"widget\" data-e-type=\"widget\" data-widget_type=\"text-editor.default\">\n\t\t\t\t<div class=\"elementor-widget-container\">\n\t\t\t\t\t\t\t\t\t<p><strong>27. Januar 2026 \u2013 Ein entscheidender Schritt f\u00fcr die europ\u00e4ische Kerzenindustrie und den Verbraucherschutz:<\/strong> Mit dem Inkrafttreten der Durchf\u00fchrungsverordnung (EU) 2026\/157 sendet die Europ\u00e4ische Kommission heute ein klares Signal gegen unfaire Handelspraktiken. Der RAL-G\u00fctegemeinschaft Kerzen und das europ\u00e4ische Zertifizierungssystem \u201eG\u00fctezeichen Kerzen\u201c begr\u00fc\u00dfen ausdr\u00fccklich die Einf\u00fchrung endg\u00fcltiger Anti-Dumping-Z\u00f6lle auf Kerzenimporte aus der Volksrepublik China.<\/p>\n<p><strong><b>Schutz von Qualit\u00e4t und fairem Handel<br \/><\/b><\/strong>Nach umfangreichen Untersuchungen wurde best\u00e4tigt, dass chinesische Importe den europ\u00e4ischen Markt durch k\u00fcnstlich niedrige Preise destabilisiert haben. Zum Schutz der heimischen Produktion und der hohen Standards, die mit dem RAL-G\u00fctezeichen verbunden sind, gelten ab sofort folgende Ma\u00dfnahmen:<\/p>\n<ul>\n<li><strong><b>Dauer:<\/b><\/strong> Die Ma\u00dfnahmen treten am 27. Januar 2026 in Kraft und sind f\u00fcr einen Mindestzeitraum von f\u00fcnf Jahren vorgesehen (bis 26. Januar 2031).<\/li>\n<li><strong><b>Zollsatz:<\/b><\/strong> Die Anti-Dumping-Z\u00f6lle liegen zwischen 56,7 % und 60,3 %. Diese deutliche Erh\u00f6hung soll insbesondere bestehende Umgehungsrisiken wirksam unterbinden.<\/li>\n<li><strong><b>Geltungsbereich:<\/b><\/strong> Die Verordnung umfasst alle Arten von Kerzen. Die Z\u00f6lle sind direkt vom Importeur zu entrichten.<\/li>\n<li><strong><b>Schutz vor Umgehung:<\/b><\/strong> Besonders wichtig f\u00fcr den Markt ist, dass auch \u00fcber Drittl\u00e4nder umgeleitete Importe unter diese Ma\u00dfnahmen fallen, um Schlupfl\u00f6cher konsequent zu verhindern.<\/li>\n<\/ul>\n<p>\u00a0<\/p>\t\t\t\t\t\t\t\t<\/div>\n\t\t\t\t<\/div>\n\t\t\t\t<\/div>\n\t\t<div class=\"elementor-element elementor-element-f4ca442 e-con-full e-flex e-con e-child\" data-id=\"f4ca442\" data-element_type=\"container\" data-e-type=\"container\">\n\t\t\t\t<div class=\"elementor-element elementor-element-5b80a79 elementor-widget elementor-widget-text-editor\" data-id=\"5b80a79\" data-element_type=\"widget\" data-e-type=\"widget\" data-widget_type=\"text-editor.default\">\n\t\t\t\t<div class=\"elementor-widget-container\">\n\t\t\t\t\t\t\t\t\t<p><strong><b>Ein starkes Signal f\u00fcr G\u00fctezeichen-Kerzen<br \/><\/b><\/strong>F\u00fcr die RAL-G\u00fctegemeinschaft Kerzen geht dieser Schritt \u00fcber eine rein wirtschaftliche Ma\u00dfnahme hinaus. Er sichert die Wettbewerbsf\u00e4higkeit der Hersteller, die sich zu strengen Qualit\u00e4ts-, Sicherheits- und Umweltstandards verpflichten.<\/p>\n<p>\u201eDiese Entscheidung stellt faire Wettbewerbsbedingungen wieder her. Sie erm\u00f6glicht es unseren Mitgliedern, weiterhin in Sicherheit, Innovation und Nachhaltigkeit zu investieren, ohne durch unfaire Dumpingpreise vom Markt verdr\u00e4ngt zu werden\u201c, erkl\u00e4rte Constanze Gill\u00e9, Gesch\u00e4ftsf\u00fchrerin der RAL-G\u00fctegemeinschaft Kerzen.<\/p>\n<p><strong><b>Was dies f\u00fcr den Handel bedeutet<br \/><\/b><\/strong>Importeure m\u00fcssen sich umgehend an die neuen Kostenstrukturen anpassen. Die Ma\u00dfnahme tr\u00e4gt dazu bei, den Wert der Kerze als Kulturgut und hochwertiges Produkt in Europa zu bewahren. In diesem Zusammenhang bleibt das G\u00fctezeichen Kerzen die wichtigste Orientierung f\u00fcr Verbraucher, die besonderen Wert auf emissionsarme und sicher brennende Kerzen legen.<\/p>\n<p><strong><b>\u00dcber die RAL-G\u00fctegemeinschaft Kerzen<br \/><\/b><\/strong>Die RAL-G\u00fctegemeinschaft Kerzen \u00fcberwacht die Einhaltung der strengen Qualit\u00e4ts- und Pr\u00fcfanforderungen des RAL-G\u00fctezeichens f\u00fcr Kerzen. Das europ\u00e4ische G\u00fctezeichen Kerzen steht als Zertifizierungszeichen f\u00fcr gepr\u00fcfte Qualit\u00e4t und Sicherheit auf dem gesamten europ\u00e4ischen Markt.<\/p>\t\t\t\t\t\t\t\t<\/div>\n\t\t\t\t<\/div>\n\t\t\t\t<\/div>\n\t\t\t\t\t<\/div>\n\t\t\t\t<\/div>\n\t\t<div class=\"elementor-element elementor-element-19ebf00 e-flex e-con-boxed e-con e-parent\" data-id=\"19ebf00\" data-element_type=\"container\" data-e-type=\"container\">\n\t\t\t\t\t<div class=\"e-con-inner\">\n\t\t<div class=\"elementor-element elementor-element-a50b1d1 e-con-full e-flex e-con e-child\" data-id=\"a50b1d1\" data-element_type=\"container\" data-e-type=\"container\">\n\t\t\t\t<div class=\"elementor-element elementor-element-b2b3041 elementor-widget-tablet__width-initial elementor-view-default elementor-widget elementor-widget-icon\" data-id=\"b2b3041\" data-element_type=\"widget\" data-e-type=\"widget\" data-widget_type=\"icon.default\">\n\t\t\t\t<div class=\"elementor-widget-container\">\n\t\t\t\t\t\t\t<div class=\"elementor-icon-wrapper\">\n\t\t\t<a class=\"elementor-icon\" href=\"http:\/\/facebook.com\/sharer.php\" target=\"_blank\">\n\t\t\t<svg aria-hidden=\"true\" class=\"e-font-icon-svg e-fab-facebook-f\" viewBox=\"0 0 320 512\" xmlns=\"http:\/\/www.w3.org\/2000\/svg\"><path d=\"M279.14 288l14.22-92.66h-88.91v-60.13c0-25.35 12.42-50.06 52.24-50.06h40.42V6.26S260.43 0 225.36 0c-73.22 0-121.08 44.38-121.08 124.72v70.62H22.89V288h81.39v224h100.17V288z\"><\/path><\/svg>\t\t\t<\/a>\n\t\t<\/div>\n\t\t\t\t\t\t<\/div>\n\t\t\t\t<\/div>\n\t\t\t\t<div class=\"elementor-element elementor-element-7a1c14d elementor-widget-tablet__width-initial elementor-view-default elementor-widget elementor-widget-icon\" data-id=\"7a1c14d\" data-element_type=\"widget\" data-e-type=\"widget\" data-widget_type=\"icon.default\">\n\t\t\t\t<div class=\"elementor-widget-container\">\n\t\t\t\t\t\t\t<div class=\"elementor-icon-wrapper\">\n\t\t\t<a class=\"elementor-icon\" href=\"https:\/\/www.instagram.com\/ralqualitymarkcandles\/\" target=\"_blank\">\n\t\t\t<svg aria-hidden=\"true\" class=\"e-font-icon-svg e-fab-instagram\" viewBox=\"0 0 448 512\" xmlns=\"http:\/\/www.w3.org\/2000\/svg\"><path d=\"M224.1 141c-63.6 0-114.9 51.3-114.9 114.9s51.3 114.9 114.9 114.9S339 319.5 339 255.9 287.7 141 224.1 141zm0 189.6c-41.1 0-74.7-33.5-74.7-74.7s33.5-74.7 74.7-74.7 74.7 33.5 74.7 74.7-33.6 74.7-74.7 74.7zm146.4-194.3c0 14.9-12 26.8-26.8 26.8-14.9 0-26.8-12-26.8-26.8s12-26.8 26.8-26.8 26.8 12 26.8 26.8zm76.1 27.2c-1.7-35.9-9.9-67.7-36.2-93.9-26.2-26.2-58-34.4-93.9-36.2-37-2.1-147.9-2.1-184.9 0-35.8 1.7-67.6 9.9-93.9 36.1s-34.4 58-36.2 93.9c-2.1 37-2.1 147.9 0 184.9 1.7 35.9 9.9 67.7 36.2 93.9s58 34.4 93.9 36.2c37 2.1 147.9 2.1 184.9 0 35.9-1.7 67.7-9.9 93.9-36.2 26.2-26.2 34.4-58 36.2-93.9 2.1-37 2.1-147.8 0-184.8zM398.8 388c-7.8 19.6-22.9 34.7-42.6 42.6-29.5 11.7-99.5 9-132.1 9s-102.7 2.6-132.1-9c-19.6-7.8-34.7-22.9-42.6-42.6-11.7-29.5-9-99.5-9-132.1s-2.6-102.7 9-132.1c7.8-19.6 22.9-34.7 42.6-42.6 29.5-11.7 99.5-9 132.1-9s102.7-2.6 132.1 9c19.6 7.8 34.7 22.9 42.6 42.6 11.7 29.5 9 99.5 9 132.1s2.7 102.7-9 132.1z\"><\/path><\/svg>\t\t\t<\/a>\n\t\t<\/div>\n\t\t\t\t\t\t<\/div>\n\t\t\t\t<\/div>\n\t\t\t\t<\/div>\n\t\t\t\t\t<\/div>\n\t\t\t\t<\/div>\n\t\t\t\t<\/div>\n\t\t","protected":false},"excerpt":{"rendered":"<p>27. Januar 2026 \u2013 Ein entscheidender Schritt f\u00fcr die europ\u00e4ische Kerzenindustrie und den Verbraucherschutz: Mit dem Inkrafttreten der Durchf\u00fchrungsverordnung (EU) 2026\/157 sendet die Europ\u00e4ische Kommission heute ein klares Signal gegen unfaire Handelspraktiken. Der RAL-G\u00fctegemeinschaft Kerzen und das europ\u00e4ische Zertifizierungssystem \u201eG\u00fctezeichen Kerzen\u201c begr\u00fc\u00dfen ausdr\u00fccklich die Einf\u00fchrung endg\u00fcltiger Anti-Dumping-Z\u00f6lle auf Kerzenimporte aus der Volksrepublik China. Schutz von [&hellip;]<\/p>\n","protected":false},"author":4,"featured_media":7914,"comment_status":"closed","ping_status":"closed","sticky":false,"template":"elementor_header_footer","format":"standard","meta":{"footnotes":""},"categories":[1],"tags":[],"class_list":["post-7908","post","type-post","status-publish","format-standard","has-post-thumbnail","hentry","category-press"],"acf":[],"yoast_head":"<!-- This site is optimized with the Yoast SEO plugin v27.2 - https:\/\/yoast.com\/product\/yoast-seo-wordpress\/ -->\n<title>Meilenstein f\u00fcr fairen Wettbewerb: EU f\u00fchrt endg\u00fcltige Antidumpingz\u00f6lle auf Kerzenimporte aus China ein - RAL<\/title>\n<meta name=\"description\" content=\"Im September erstrahlt die Welt in einem besonderen Glanz, denn es ist der World Candle Month. Ein ganzer Monat, der Kerzen gewidmet ist.\" \/>\n<meta name=\"robots\" content=\"index, follow, max-snippet:-1, max-image-preview:large, max-video-preview:-1\" \/>\n<link rel=\"canonical\" href=\"https:\/\/www.ral-c.com\/de\/antidumpingzolle\/\" \/>\n<meta property=\"og:locale\" content=\"de_DE\" \/>\n<meta property=\"og:type\" content=\"article\" \/>\n<meta property=\"og:title\" content=\"Meilenstein f\u00fcr fairen Wettbewerb: EU f\u00fchrt endg\u00fcltige Antidumpingz\u00f6lle auf Kerzenimporte aus China ein - RAL\" \/>\n<meta property=\"og:description\" content=\"Im September erstrahlt die Welt in einem besonderen Glanz, denn es ist der World Candle Month. Ein ganzer Monat, der Kerzen gewidmet ist.\" \/>\n<meta property=\"og:url\" content=\"https:\/\/www.ral-c.com\/de\/antidumpingzolle\/\" \/>\n<meta property=\"og:site_name\" content=\"RAL\" \/>\n<meta property=\"article:publisher\" content=\"https:\/\/www.facebook.com\/kerzenguete\/\" \/>\n<meta property=\"article:published_time\" content=\"2026-01-27T14:20:18+00:00\" \/>\n<meta property=\"og:image\" content=\"https:\/\/www.ral-c.com\/wp-content\/uploads\/2026\/01\/RAL_Pressemeldung_2026_Durchfuhrungsverordnung-EU-2026157-scaled.jpg\" \/>\n\t<meta property=\"og:image:width\" content=\"2560\" \/>\n\t<meta property=\"og:image:height\" content=\"1706\" \/>\n\t<meta property=\"og:image:type\" content=\"image\/jpeg\" \/>\n<meta name=\"author\" content=\"cp\" \/>\n<meta name=\"twitter:card\" content=\"summary_large_image\" \/>\n<meta name=\"twitter:label1\" content=\"Verfasst von\" \/>\n\t<meta name=\"twitter:data1\" content=\"cp\" \/>\n\t<meta name=\"twitter:label2\" content=\"Gesch\u00e4tzte Lesezeit\" \/>\n\t<meta name=\"twitter:data2\" content=\"3\u00a0Minuten\" \/>\n<script type=\"application\/ld+json\" class=\"yoast-schema-graph\">{\"@context\":\"https:\/\/schema.org\",\"@graph\":[{\"@type\":\"Article\",\"@id\":\"https:\/\/www.ral-c.com\/de\/antidumpingzolle\/#article\",\"isPartOf\":{\"@id\":\"https:\/\/www.ral-c.com\/de\/antidumpingzolle\/\"},\"author\":{\"name\":\"cp\",\"@id\":\"https:\/\/www.ral-c.com\/de\/#\/schema\/person\/62c8fbeebdb40dfa4aaace1a9fafa4f0\"},\"headline\":\"Meilenstein f\u00fcr fairen Wettbewerb: EU f\u00fchrt endg\u00fcltige Antidumpingz\u00f6lle auf Kerzenimporte aus China ein\",\"datePublished\":\"2026-01-27T14:20:18+00:00\",\"mainEntityOfPage\":{\"@id\":\"https:\/\/www.ral-c.com\/de\/antidumpingzolle\/\"},\"wordCount\":402,\"publisher\":{\"@id\":\"https:\/\/www.ral-c.com\/de\/#organization\"},\"image\":{\"@id\":\"https:\/\/www.ral-c.com\/de\/antidumpingzolle\/#primaryimage\"},\"thumbnailUrl\":\"https:\/\/www.ral-c.com\/wp-content\/uploads\/2026\/01\/RAL_Pressemeldung_2026_Durchfuhrungsverordnung-EU-2026157-scaled.jpg\",\"articleSection\":[\"Pressemitteilungen\"],\"inLanguage\":\"de\"},{\"@type\":\"WebPage\",\"@id\":\"https:\/\/www.ral-c.com\/de\/antidumpingzolle\/\",\"url\":\"https:\/\/www.ral-c.com\/de\/antidumpingzolle\/\",\"name\":\"Meilenstein f\u00fcr fairen Wettbewerb: EU f\u00fchrt endg\u00fcltige Antidumpingz\u00f6lle auf Kerzenimporte aus China ein - RAL\",\"isPartOf\":{\"@id\":\"https:\/\/www.ral-c.com\/de\/#website\"},\"primaryImageOfPage\":{\"@id\":\"https:\/\/www.ral-c.com\/de\/antidumpingzolle\/#primaryimage\"},\"image\":{\"@id\":\"https:\/\/www.ral-c.com\/de\/antidumpingzolle\/#primaryimage\"},\"thumbnailUrl\":\"https:\/\/www.ral-c.com\/wp-content\/uploads\/2026\/01\/RAL_Pressemeldung_2026_Durchfuhrungsverordnung-EU-2026157-scaled.jpg\",\"datePublished\":\"2026-01-27T14:20:18+00:00\",\"description\":\"Im September erstrahlt die Welt in einem besonderen Glanz, denn es ist der World Candle Month. Ein ganzer Monat, der Kerzen gewidmet ist.\",\"breadcrumb\":{\"@id\":\"https:\/\/www.ral-c.com\/de\/antidumpingzolle\/#breadcrumb\"},\"inLanguage\":\"de\",\"potentialAction\":[{\"@type\":\"ReadAction\",\"target\":[\"https:\/\/www.ral-c.com\/de\/antidumpingzolle\/\"]}]},{\"@type\":\"ImageObject\",\"inLanguage\":\"de\",\"@id\":\"https:\/\/www.ral-c.com\/de\/antidumpingzolle\/#primaryimage\",\"url\":\"https:\/\/www.ral-c.com\/wp-content\/uploads\/2026\/01\/RAL_Pressemeldung_2026_Durchfuhrungsverordnung-EU-2026157-scaled.jpg\",\"contentUrl\":\"https:\/\/www.ral-c.com\/wp-content\/uploads\/2026\/01\/RAL_Pressemeldung_2026_Durchfuhrungsverordnung-EU-2026157-scaled.jpg\",\"width\":2560,\"height\":1706},{\"@type\":\"BreadcrumbList\",\"@id\":\"https:\/\/www.ral-c.com\/de\/antidumpingzolle\/#breadcrumb\",\"itemListElement\":[{\"@type\":\"ListItem\",\"position\":1,\"name\":\"Home\",\"item\":\"https:\/\/www.ral-c.com\/de\/\"},{\"@type\":\"ListItem\",\"position\":2,\"name\":\"Meilenstein f\u00fcr fairen Wettbewerb: EU f\u00fchrt endg\u00fcltige Antidumpingz\u00f6lle auf Kerzenimporte aus China ein\"}]},{\"@type\":\"WebSite\",\"@id\":\"https:\/\/www.ral-c.com\/de\/#website\",\"url\":\"https:\/\/www.ral-c.com\/de\/\",\"name\":\"RAL Quality Mark Candles\",\"description\":\"G\u00fctezeichen f\u00fcr Kerzen\",\"publisher\":{\"@id\":\"https:\/\/www.ral-c.com\/de\/#organization\"},\"potentialAction\":[{\"@type\":\"SearchAction\",\"target\":{\"@type\":\"EntryPoint\",\"urlTemplate\":\"https:\/\/www.ral-c.com\/de\/?s={search_term_string}\"},\"query-input\":{\"@type\":\"PropertyValueSpecification\",\"valueRequired\":true,\"valueName\":\"search_term_string\"}}],\"inLanguage\":\"de\"},{\"@type\":\"Organization\",\"@id\":\"https:\/\/www.ral-c.com\/de\/#organization\",\"name\":\"RAL Quality Mark Candles\",\"url\":\"https:\/\/www.ral-c.com\/de\/\",\"logo\":{\"@type\":\"ImageObject\",\"inLanguage\":\"de\",\"@id\":\"https:\/\/www.ral-c.com\/de\/#\/schema\/logo\/image\/\",\"url\":\"https:\/\/www.ral-c.com\/wp-content\/uploads\/2024\/08\/ral-website-logo-en.jpg\",\"contentUrl\":\"https:\/\/www.ral-c.com\/wp-content\/uploads\/2024\/08\/ral-website-logo-en.jpg\",\"width\":739,\"height\":1419,\"caption\":\"RAL Quality Mark Candles\"},\"image\":{\"@id\":\"https:\/\/www.ral-c.com\/de\/#\/schema\/logo\/image\/\"},\"sameAs\":[\"https:\/\/www.facebook.com\/kerzenguete\/\",\"https:\/\/www.instagram.com\/ralqualitymarkcandles\/\"]},{\"@type\":\"Person\",\"@id\":\"https:\/\/www.ral-c.com\/de\/#\/schema\/person\/62c8fbeebdb40dfa4aaace1a9fafa4f0\",\"name\":\"cp\",\"image\":{\"@type\":\"ImageObject\",\"inLanguage\":\"de\",\"@id\":\"https:\/\/secure.gravatar.com\/avatar\/eafbcbfa63686bde139b873369193eb8d660c89b6fe863873f06608e72b5a079?s=96&d=mm&r=g\",\"url\":\"https:\/\/secure.gravatar.com\/avatar\/eafbcbfa63686bde139b873369193eb8d660c89b6fe863873f06608e72b5a079?s=96&d=mm&r=g\",\"contentUrl\":\"https:\/\/secure.gravatar.com\/avatar\/eafbcbfa63686bde139b873369193eb8d660c89b6fe863873f06608e72b5a079?s=96&d=mm&r=g\",\"caption\":\"cp\"},\"url\":\"https:\/\/www.ral-c.com\/de\/author\/cp\/\"}]}<\/script>\n<!-- \/ Yoast SEO plugin. -->","yoast_head_json":{"title":"Meilenstein f\u00fcr fairen Wettbewerb: EU f\u00fchrt endg\u00fcltige Antidumpingz\u00f6lle auf Kerzenimporte aus China ein - RAL","description":"Im September erstrahlt die Welt in einem besonderen Glanz, denn es ist der World Candle Month. Ein ganzer Monat, der Kerzen gewidmet ist.","robots":{"index":"index","follow":"follow","max-snippet":"max-snippet:-1","max-image-preview":"max-image-preview:large","max-video-preview":"max-video-preview:-1"},"canonical":"https:\/\/www.ral-c.com\/de\/antidumpingzolle\/","og_locale":"de_DE","og_type":"article","og_title":"Meilenstein f\u00fcr fairen Wettbewerb: EU f\u00fchrt endg\u00fcltige Antidumpingz\u00f6lle auf Kerzenimporte aus China ein - RAL","og_description":"Im September erstrahlt die Welt in einem besonderen Glanz, denn es ist der World Candle Month. Ein ganzer Monat, der Kerzen gewidmet ist.","og_url":"https:\/\/www.ral-c.com\/de\/antidumpingzolle\/","og_site_name":"RAL","article_publisher":"https:\/\/www.facebook.com\/kerzenguete\/","article_published_time":"2026-01-27T14:20:18+00:00","og_image":[{"width":2560,"height":1706,"url":"https:\/\/www.ral-c.com\/wp-content\/uploads\/2026\/01\/RAL_Pressemeldung_2026_Durchfuhrungsverordnung-EU-2026157-scaled.jpg","type":"image\/jpeg"}],"author":"cp","twitter_card":"summary_large_image","twitter_misc":{"Verfasst von":"cp","Gesch\u00e4tzte Lesezeit":"3\u00a0Minuten"},"schema":{"@context":"https:\/\/schema.org","@graph":[{"@type":"Article","@id":"https:\/\/www.ral-c.com\/de\/antidumpingzolle\/#article","isPartOf":{"@id":"https:\/\/www.ral-c.com\/de\/antidumpingzolle\/"},"author":{"name":"cp","@id":"https:\/\/www.ral-c.com\/de\/#\/schema\/person\/62c8fbeebdb40dfa4aaace1a9fafa4f0"},"headline":"Meilenstein f\u00fcr fairen Wettbewerb: EU f\u00fchrt endg\u00fcltige Antidumpingz\u00f6lle auf Kerzenimporte aus China ein","datePublished":"2026-01-27T14:20:18+00:00","mainEntityOfPage":{"@id":"https:\/\/www.ral-c.com\/de\/antidumpingzolle\/"},"wordCount":402,"publisher":{"@id":"https:\/\/www.ral-c.com\/de\/#organization"},"image":{"@id":"https:\/\/www.ral-c.com\/de\/antidumpingzolle\/#primaryimage"},"thumbnailUrl":"https:\/\/www.ral-c.com\/wp-content\/uploads\/2026\/01\/RAL_Pressemeldung_2026_Durchfuhrungsverordnung-EU-2026157-scaled.jpg","articleSection":["Pressemitteilungen"],"inLanguage":"de"},{"@type":"WebPage","@id":"https:\/\/www.ral-c.com\/de\/antidumpingzolle\/","url":"https:\/\/www.ral-c.com\/de\/antidumpingzolle\/","name":"Meilenstein f\u00fcr fairen Wettbewerb: EU f\u00fchrt endg\u00fcltige Antidumpingz\u00f6lle auf Kerzenimporte aus China ein - RAL","isPartOf":{"@id":"https:\/\/www.ral-c.com\/de\/#website"},"primaryImageOfPage":{"@id":"https:\/\/www.ral-c.com\/de\/antidumpingzolle\/#primaryimage"},"image":{"@id":"https:\/\/www.ral-c.com\/de\/antidumpingzolle\/#primaryimage"},"thumbnailUrl":"https:\/\/www.ral-c.com\/wp-content\/uploads\/2026\/01\/RAL_Pressemeldung_2026_Durchfuhrungsverordnung-EU-2026157-scaled.jpg","datePublished":"2026-01-27T14:20:18+00:00","description":"Im September erstrahlt die Welt in einem besonderen Glanz, denn es ist der World Candle Month. Ein ganzer Monat, der Kerzen gewidmet ist.","breadcrumb":{"@id":"https:\/\/www.ral-c.com\/de\/antidumpingzolle\/#breadcrumb"},"inLanguage":"de","potentialAction":[{"@type":"ReadAction","target":["https:\/\/www.ral-c.com\/de\/antidumpingzolle\/"]}]},{"@type":"ImageObject","inLanguage":"de","@id":"https:\/\/www.ral-c.com\/de\/antidumpingzolle\/#primaryimage","url":"https:\/\/www.ral-c.com\/wp-content\/uploads\/2026\/01\/RAL_Pressemeldung_2026_Durchfuhrungsverordnung-EU-2026157-scaled.jpg","contentUrl":"https:\/\/www.ral-c.com\/wp-content\/uploads\/2026\/01\/RAL_Pressemeldung_2026_Durchfuhrungsverordnung-EU-2026157-scaled.jpg","width":2560,"height":1706},{"@type":"BreadcrumbList","@id":"https:\/\/www.ral-c.com\/de\/antidumpingzolle\/#breadcrumb","itemListElement":[{"@type":"ListItem","position":1,"name":"Home","item":"https:\/\/www.ral-c.com\/de\/"},{"@type":"ListItem","position":2,"name":"Meilenstein f\u00fcr fairen Wettbewerb: EU f\u00fchrt endg\u00fcltige Antidumpingz\u00f6lle auf Kerzenimporte aus China ein"}]},{"@type":"WebSite","@id":"https:\/\/www.ral-c.com\/de\/#website","url":"https:\/\/www.ral-c.com\/de\/","name":"RAL Quality Mark Candles","description":"G\u00fctezeichen f\u00fcr Kerzen","publisher":{"@id":"https:\/\/www.ral-c.com\/de\/#organization"},"potentialAction":[{"@type":"SearchAction","target":{"@type":"EntryPoint","urlTemplate":"https:\/\/www.ral-c.com\/de\/?s={search_term_string}"},"query-input":{"@type":"PropertyValueSpecification","valueRequired":true,"valueName":"search_term_string"}}],"inLanguage":"de"},{"@type":"Organization","@id":"https:\/\/www.ral-c.com\/de\/#organization","name":"RAL Quality Mark Candles","url":"https:\/\/www.ral-c.com\/de\/","logo":{"@type":"ImageObject","inLanguage":"de","@id":"https:\/\/www.ral-c.com\/de\/#\/schema\/logo\/image\/","url":"https:\/\/www.ral-c.com\/wp-content\/uploads\/2024\/08\/ral-website-logo-en.jpg","contentUrl":"https:\/\/www.ral-c.com\/wp-content\/uploads\/2024\/08\/ral-website-logo-en.jpg","width":739,"height":1419,"caption":"RAL Quality Mark Candles"},"image":{"@id":"https:\/\/www.ral-c.com\/de\/#\/schema\/logo\/image\/"},"sameAs":["https:\/\/www.facebook.com\/kerzenguete\/","https:\/\/www.instagram.com\/ralqualitymarkcandles\/"]},{"@type":"Person","@id":"https:\/\/www.ral-c.com\/de\/#\/schema\/person\/62c8fbeebdb40dfa4aaace1a9fafa4f0","name":"cp","image":{"@type":"ImageObject","inLanguage":"de","@id":"https:\/\/secure.gravatar.com\/avatar\/eafbcbfa63686bde139b873369193eb8d660c89b6fe863873f06608e72b5a079?s=96&d=mm&r=g","url":"https:\/\/secure.gravatar.com\/avatar\/eafbcbfa63686bde139b873369193eb8d660c89b6fe863873f06608e72b5a079?s=96&d=mm&r=g","contentUrl":"https:\/\/secure.gravatar.com\/avatar\/eafbcbfa63686bde139b873369193eb8d660c89b6fe863873f06608e72b5a079?s=96&d=mm&r=g","caption":"cp"},"url":"https:\/\/www.ral-c.com\/de\/author\/cp\/"}]}},"_links":{"self":[{"href":"https:\/\/www.ral-c.com\/de\/wp-json\/wp\/v2\/posts\/7908","targetHints":{"allow":["GET"]}}],"collection":[{"href":"https:\/\/www.ral-c.com\/de\/wp-json\/wp\/v2\/posts"}],"about":[{"href":"https:\/\/www.ral-c.com\/de\/wp-json\/wp\/v2\/types\/post"}],"author":[{"embeddable":true,"href":"https:\/\/www.ral-c.com\/de\/wp-json\/wp\/v2\/users\/4"}],"replies":[{"embeddable":true,"href":"https:\/\/www.ral-c.com\/de\/wp-json\/wp\/v2\/comments?post=7908"}],"version-history":[{"count":12,"href":"https:\/\/www.ral-c.com\/de\/wp-json\/wp\/v2\/posts\/7908\/revisions"}],"predecessor-version":[{"id":7927,"href":"https:\/\/www.ral-c.com\/de\/wp-json\/wp\/v2\/posts\/7908\/revisions\/7927"}],"wp:featuredmedia":[{"embeddable":true,"href":"https:\/\/www.ral-c.com\/de\/wp-json\/wp\/v2\/media\/7914"}],"wp:attachment":[{"href":"https:\/\/www.ral-c.com\/de\/wp-json\/wp\/v2\/media?parent=7908"}],"wp:term":[{"taxonomy":"category","embeddable":true,"href":"https:\/\/www.ral-c.com\/de\/wp-json\/wp\/v2\/categories?post=7908"},{"taxonomy":"post_tag","embeddable":true,"href":"https:\/\/www.ral-c.com\/de\/wp-json\/wp\/v2\/tags?post=7908"}],"curies":[{"name":"wp","href":"https:\/\/api.w.org\/{rel}","templated":true}]}}