{"id":7683,"date":"2025-12-08T14:10:21","date_gmt":"2025-12-08T13:10:21","guid":{"rendered":"https:\/\/www.ral-c.com\/?p=7683"},"modified":"2025-12-08T15:00:26","modified_gmt":"2025-12-08T14:00:26","slug":"temu-teelichter-fallen-im-oeko-test-durch-ral-guetezeichen-kerzen-bestaetigt-als-garant-fuer-schadstofffreiheit","status":"publish","type":"post","link":"https:\/\/www.ral-c.com\/de\/temu-teelichter-fallen-im-oeko-test-durch-ral-guetezeichen-kerzen-bestaetigt-als-garant-fuer-schadstofffreiheit\/","title":{"rendered":"Temu-Teelichter fallen im \u00d6KO-TEST durch"},"content":{"rendered":"\t\t<div data-elementor-type=\"wp-post\" data-elementor-id=\"7683\" class=\"elementor elementor-7683\" data-elementor-post-type=\"post\">\n\t\t\t\t<div class=\"elementor-element elementor-element-24bb212 e-flex e-con-boxed e-con e-parent\" data-id=\"24bb212\" data-element_type=\"container\" data-e-type=\"container\">\n\t\t\t\t\t<div class=\"e-con-inner\">\n\t\t<div class=\"elementor-element elementor-element-a7a275e e-con-full e-flex e-con e-child\" data-id=\"a7a275e\" data-element_type=\"container\" data-e-type=\"container\">\n\t\t\t\t<div class=\"elementor-element elementor-element-336280d elementor-widget elementor-widget-theme-post-title elementor-page-title elementor-widget-heading\" data-id=\"336280d\" data-element_type=\"widget\" data-e-type=\"widget\" data-widget_type=\"theme-post-title.default\">\n\t\t\t\t<div class=\"elementor-widget-container\">\n\t\t\t\t\t<h1 class=\"elementor-heading-title elementor-size-default\">Temu-Teelichter fallen im \u00d6KO-TEST durch<\/h1>\t\t\t\t<\/div>\n\t\t\t\t<\/div>\n\t\t\t\t<div class=\"elementor-element elementor-element-c2d64e7 elementor-widget elementor-widget-image\" data-id=\"c2d64e7\" data-element_type=\"widget\" data-e-type=\"widget\" data-widget_type=\"image.default\">\n\t\t\t\t<div class=\"elementor-widget-container\">\n\t\t\t\t\t\t\t\t\t\t\t\t\t\t\t<img fetchpriority=\"high\" decoding=\"async\" width=\"2000\" height=\"1333\" src=\"https:\/\/www.ral-c.com\/wp-content\/uploads\/2025\/12\/RAL_Pressemeldung_Dezember_2025.jpg\" class=\"attachment-full size-full wp-image-7678\" alt=\"\" srcset=\"https:\/\/www.ral-c.com\/wp-content\/uploads\/2025\/12\/RAL_Pressemeldung_Dezember_2025.jpg 2000w, https:\/\/www.ral-c.com\/wp-content\/uploads\/2025\/12\/RAL_Pressemeldung_Dezember_2025-300x200.jpg 300w, https:\/\/www.ral-c.com\/wp-content\/uploads\/2025\/12\/RAL_Pressemeldung_Dezember_2025-1024x682.jpg 1024w, https:\/\/www.ral-c.com\/wp-content\/uploads\/2025\/12\/RAL_Pressemeldung_Dezember_2025-768x512.jpg 768w, https:\/\/www.ral-c.com\/wp-content\/uploads\/2025\/12\/RAL_Pressemeldung_Dezember_2025-1536x1024.jpg 1536w\" sizes=\"(max-width: 2000px) 100vw, 2000px\" \/>\t\t\t\t\t\t\t\t\t\t\t\t\t\t\t<\/div>\n\t\t\t\t<\/div>\n\t\t\t\t<\/div>\n\t\t<div class=\"elementor-element elementor-element-b0823cb e-con-full e-flex e-con e-child\" data-id=\"b0823cb\" data-element_type=\"container\" data-e-type=\"container\">\n\t\t\t\t<div class=\"elementor-element elementor-element-603ec7d elementor-widget elementor-widget-text-editor\" data-id=\"603ec7d\" data-element_type=\"widget\" data-e-type=\"widget\" data-widget_type=\"text-editor.default\">\n\t\t\t\t<div class=\"elementor-widget-container\">\n\t\t\t\t\t\t\t\t\t<p class=\"MsoNormal\"><b><strong>RAL G\u00fctezeichen Kerzen best\u00e4tigt als Garant f\u00fcr Schadstofffreiheit<\/strong><\/b><\/p>\n<p class=\"MsoNormal\">Der aktuelle \u00d6KO-TEST zu Teelichtern belegt die Wichtigkeit des\u00a0<b><strong>RAL G\u00fctezeichens Kerzen<\/strong><\/b>\u00a0als verl\u00e4sslichen Indikator f\u00fcr schadstofffreie Produkte. Sieben von Acht Kerzen ohne dieses G\u00fctezeichen wiesen im Test erhebliche Mengen an Schwermetallen\u00a0wie Blei und Nickel auf, die beim Abbrennen in die Raumluft gelangen k\u00f6nnen.<\/p>\n<p class=\"MsoNormal\">Besonders negativ fiel das bei\u00a0<b><strong>Temu<\/strong><\/b>\u00a0gekaufte Produkt auf:<\/p>\n\n<ul style=\"margin-top: 0cm;\" type=\"disc\">\n \t<li class=\"MsoNormal\"><b><strong>Beeswax Bienenwachs Teelichter von Temu<\/strong><\/b>\u00a0erhielten das\u00a0<b><strong>Gesamturteil \u201eungen\u00fcgend\u201c<\/strong><\/b>. Die Teelichter waren\u00a0<b>stark mit Blei und Nickel belastet<\/b>\u00a0und \u00fcberschritten die Sollwerte des RAL-G\u00fctezeichens. Zudem gab es einen\u00a0<b><strong>Hinweis auf Verunreinigungen<\/strong><\/b>\u00a0mit Fremdkohlenwasserstoffen (Paraffin).<\/li>\n \t<li class=\"MsoNormal\">Das Produkt war damit das\u00a0<b><strong>schlechteste Ergebnis in der Kategorie Bienenwachs-Teelichter<\/strong><\/b>\u00a0und erhielt das\u00a0<b><strong>schlechteste Testergebnis Inhaltsstoffe<\/strong><\/b>\u00a0aller gepr\u00fcften Produkte in dieser Wachsart.<\/li>\n<\/ul>\n<div class=\"x_elementToProof\">\n<div class=\"x_elementToProof\"><\/div>\n<\/div>\t\t\t\t\t\t\t\t<\/div>\n\t\t\t\t<\/div>\n\t\t\t\t<\/div>\n\t\t<div class=\"elementor-element elementor-element-f4ca442 e-con-full e-flex e-con e-child\" data-id=\"f4ca442\" data-element_type=\"container\" data-e-type=\"container\">\n\t\t\t\t<div class=\"elementor-element elementor-element-5b80a79 elementor-widget elementor-widget-text-editor\" data-id=\"5b80a79\" data-element_type=\"widget\" data-e-type=\"widget\" data-widget_type=\"text-editor.default\">\n\t\t\t\t<div class=\"elementor-widget-container\">\n\t\t\t\t\t\t\t\t\t<p class=\"MsoNormal\">Das\u00a0<b><strong>RAL G\u00fctezeichen Kerzen<\/strong><\/b>\u00a0hingegen garantiert konstant niedrige Gehalte an Schwermetallen und toxischen organischen Schadstoffen, was der Test f\u00fcr die meisten Teelichter mit dem Siegel best\u00e4tigte, die in den Inhaltsstoffen durchweg &#8222;sehr gut\u201c und &#8222;gut&#8220; abschnitten. Im Gegensatz dazu wiesen <b><strong>87,5%<\/strong><\/b> der im Test befindlichen Lichte\u00a0<b><strong>ohne das RAL G\u00fctezeichen Kerzen<\/strong><\/b>\u00a0auff\u00e4llige Schadstoffwerte auf.<\/p>\t\t\t\t\t\t\t\t<\/div>\n\t\t\t\t<\/div>\n\t\t\t\t<\/div>\n\t\t\t\t\t<\/div>\n\t\t\t\t<\/div>\n\t\t<div class=\"elementor-element elementor-element-19ebf00 e-flex e-con-boxed e-con e-parent\" data-id=\"19ebf00\" data-element_type=\"container\" data-e-type=\"container\">\n\t\t\t\t\t<div class=\"e-con-inner\">\n\t\t<div class=\"elementor-element elementor-element-a50b1d1 e-con-full e-flex e-con e-child\" data-id=\"a50b1d1\" data-element_type=\"container\" data-e-type=\"container\">\n\t\t\t\t<div class=\"elementor-element elementor-element-b2b3041 elementor-widget-tablet__width-initial elementor-view-default elementor-widget elementor-widget-icon\" data-id=\"b2b3041\" data-element_type=\"widget\" data-e-type=\"widget\" data-widget_type=\"icon.default\">\n\t\t\t\t<div class=\"elementor-widget-container\">\n\t\t\t\t\t\t\t<div class=\"elementor-icon-wrapper\">\n\t\t\t<a class=\"elementor-icon\" href=\"http:\/\/facebook.com\/sharer.php\" target=\"_blank\">\n\t\t\t<svg aria-hidden=\"true\" class=\"e-font-icon-svg e-fab-facebook-f\" viewBox=\"0 0 320 512\" xmlns=\"http:\/\/www.w3.org\/2000\/svg\"><path d=\"M279.14 288l14.22-92.66h-88.91v-60.13c0-25.35 12.42-50.06 52.24-50.06h40.42V6.26S260.43 0 225.36 0c-73.22 0-121.08 44.38-121.08 124.72v70.62H22.89V288h81.39v224h100.17V288z\"><\/path><\/svg>\t\t\t<\/a>\n\t\t<\/div>\n\t\t\t\t\t\t<\/div>\n\t\t\t\t<\/div>\n\t\t\t\t<div class=\"elementor-element elementor-element-7a1c14d elementor-widget-tablet__width-initial elementor-view-default elementor-widget elementor-widget-icon\" data-id=\"7a1c14d\" data-element_type=\"widget\" data-e-type=\"widget\" data-widget_type=\"icon.default\">\n\t\t\t\t<div class=\"elementor-widget-container\">\n\t\t\t\t\t\t\t<div class=\"elementor-icon-wrapper\">\n\t\t\t<a class=\"elementor-icon\" href=\"https:\/\/www.instagram.com\/ralqualitymarkcandles\/\" target=\"_blank\">\n\t\t\t<svg aria-hidden=\"true\" class=\"e-font-icon-svg e-fab-instagram\" viewBox=\"0 0 448 512\" xmlns=\"http:\/\/www.w3.org\/2000\/svg\"><path d=\"M224.1 141c-63.6 0-114.9 51.3-114.9 114.9s51.3 114.9 114.9 114.9S339 319.5 339 255.9 287.7 141 224.1 141zm0 189.6c-41.1 0-74.7-33.5-74.7-74.7s33.5-74.7 74.7-74.7 74.7 33.5 74.7 74.7-33.6 74.7-74.7 74.7zm146.4-194.3c0 14.9-12 26.8-26.8 26.8-14.9 0-26.8-12-26.8-26.8s12-26.8 26.8-26.8 26.8 12 26.8 26.8zm76.1 27.2c-1.7-35.9-9.9-67.7-36.2-93.9-26.2-26.2-58-34.4-93.9-36.2-37-2.1-147.9-2.1-184.9 0-35.8 1.7-67.6 9.9-93.9 36.1s-34.4 58-36.2 93.9c-2.1 37-2.1 147.9 0 184.9 1.7 35.9 9.9 67.7 36.2 93.9s58 34.4 93.9 36.2c37 2.1 147.9 2.1 184.9 0 35.9-1.7 67.7-9.9 93.9-36.2 26.2-26.2 34.4-58 36.2-93.9 2.1-37 2.1-147.8 0-184.8zM398.8 388c-7.8 19.6-22.9 34.7-42.6 42.6-29.5 11.7-99.5 9-132.1 9s-102.7 2.6-132.1-9c-19.6-7.8-34.7-22.9-42.6-42.6-11.7-29.5-9-99.5-9-132.1s-2.6-102.7 9-132.1c7.8-19.6 22.9-34.7 42.6-42.6 29.5-11.7 99.5-9 132.1-9s102.7-2.6 132.1 9c19.6 7.8 34.7 22.9 42.6 42.6 11.7 29.5 9 99.5 9 132.1s2.7 102.7-9 132.1z\"><\/path><\/svg>\t\t\t<\/a>\n\t\t<\/div>\n\t\t\t\t\t\t<\/div>\n\t\t\t\t<\/div>\n\t\t\t\t<\/div>\n\t\t\t\t\t<\/div>\n\t\t\t\t<\/div>\n\t\t\t\t<\/div>\n\t\t","protected":false},"excerpt":{"rendered":"<p>RAL G\u00fctezeichen Kerzen best\u00e4tigt als Garant f\u00fcr Schadstofffreiheit Der aktuelle \u00d6KO-TEST zu Teelichtern belegt die Wichtigkeit des\u00a0RAL G\u00fctezeichens Kerzen\u00a0als verl\u00e4sslichen Indikator f\u00fcr schadstofffreie Produkte. Sieben von Acht Kerzen ohne dieses G\u00fctezeichen wiesen im Test erhebliche Mengen an Schwermetallen\u00a0wie Blei und Nickel auf, die beim Abbrennen in die Raumluft gelangen k\u00f6nnen. Besonders negativ fiel das bei\u00a0Temu\u00a0gekaufte [&hellip;]<\/p>\n","protected":false},"author":3,"featured_media":7678,"comment_status":"closed","ping_status":"closed","sticky":false,"template":"elementor_header_footer","format":"standard","meta":{"footnotes":""},"categories":[1],"tags":[],"class_list":["post-7683","post","type-post","status-publish","format-standard","has-post-thumbnail","hentry","category-press"],"acf":[],"yoast_head":"<!-- This site is optimized with the Yoast SEO plugin v27.2 - https:\/\/yoast.com\/product\/yoast-seo-wordpress\/ -->\n<title>Temu-Teelichter fallen im \u00d6KO-TEST durch - RAL<\/title>\n<meta name=\"description\" content=\"Im September erstrahlt die Welt in einem besonderen Glanz, denn es ist der World Candle Month. Ein ganzer Monat, der Kerzen gewidmet ist.\" \/>\n<meta name=\"robots\" content=\"index, follow, max-snippet:-1, max-image-preview:large, max-video-preview:-1\" \/>\n<link rel=\"canonical\" href=\"https:\/\/www.ral-c.com\/de\/temu-teelichter-fallen-im-oeko-test-durch-ral-guetezeichen-kerzen-bestaetigt-als-garant-fuer-schadstofffreiheit\/\" \/>\n<meta property=\"og:locale\" content=\"de_DE\" \/>\n<meta property=\"og:type\" content=\"article\" \/>\n<meta property=\"og:title\" content=\"Temu-Teelichter fallen im \u00d6KO-TEST durch - RAL\" \/>\n<meta property=\"og:description\" content=\"Im September erstrahlt die Welt in einem besonderen Glanz, denn es ist der World Candle Month. Ein ganzer Monat, der Kerzen gewidmet ist.\" \/>\n<meta property=\"og:url\" content=\"https:\/\/www.ral-c.com\/de\/temu-teelichter-fallen-im-oeko-test-durch-ral-guetezeichen-kerzen-bestaetigt-als-garant-fuer-schadstofffreiheit\/\" \/>\n<meta property=\"og:site_name\" content=\"RAL\" \/>\n<meta property=\"article:publisher\" content=\"https:\/\/www.facebook.com\/kerzenguete\/\" \/>\n<meta property=\"article:published_time\" content=\"2025-12-08T13:10:21+00:00\" \/>\n<meta property=\"article:modified_time\" content=\"2025-12-08T14:00:26+00:00\" \/>\n<meta property=\"og:image\" content=\"https:\/\/www.ral-c.com\/wp-content\/uploads\/2025\/12\/RAL_Pressemeldung_Dezember_2025-1024x682.jpg\" \/>\n\t<meta property=\"og:image:width\" content=\"1024\" \/>\n\t<meta property=\"og:image:height\" content=\"682\" \/>\n\t<meta property=\"og:image:type\" content=\"image\/jpeg\" \/>\n<meta name=\"author\" content=\"bm\" \/>\n<meta name=\"twitter:card\" content=\"summary_large_image\" \/>\n<meta name=\"twitter:label1\" content=\"Verfasst von\" \/>\n\t<meta name=\"twitter:data1\" content=\"bm\" \/>\n\t<meta name=\"twitter:label2\" content=\"Gesch\u00e4tzte Lesezeit\" \/>\n\t<meta name=\"twitter:data2\" content=\"2\u00a0Minuten\" \/>\n<script type=\"application\/ld+json\" class=\"yoast-schema-graph\">{\"@context\":\"https:\/\/schema.org\",\"@graph\":[{\"@type\":\"Article\",\"@id\":\"https:\/\/www.ral-c.com\/de\/temu-teelichter-fallen-im-oeko-test-durch-ral-guetezeichen-kerzen-bestaetigt-als-garant-fuer-schadstofffreiheit\/#article\",\"isPartOf\":{\"@id\":\"https:\/\/www.ral-c.com\/de\/temu-teelichter-fallen-im-oeko-test-durch-ral-guetezeichen-kerzen-bestaetigt-als-garant-fuer-schadstofffreiheit\/\"},\"author\":{\"name\":\"bm\",\"@id\":\"https:\/\/www.ral-c.com\/de\/#\/schema\/person\/4ef1d14498be2228466f0477068914de\"},\"headline\":\"Temu-Teelichter fallen im \u00d6KO-TEST durch\",\"datePublished\":\"2025-12-08T13:10:21+00:00\",\"dateModified\":\"2025-12-08T14:00:26+00:00\",\"mainEntityOfPage\":{\"@id\":\"https:\/\/www.ral-c.com\/de\/temu-teelichter-fallen-im-oeko-test-durch-ral-guetezeichen-kerzen-bestaetigt-als-garant-fuer-schadstofffreiheit\/\"},\"wordCount\":193,\"publisher\":{\"@id\":\"https:\/\/www.ral-c.com\/de\/#organization\"},\"image\":{\"@id\":\"https:\/\/www.ral-c.com\/de\/temu-teelichter-fallen-im-oeko-test-durch-ral-guetezeichen-kerzen-bestaetigt-als-garant-fuer-schadstofffreiheit\/#primaryimage\"},\"thumbnailUrl\":\"https:\/\/www.ral-c.com\/wp-content\/uploads\/2025\/12\/RAL_Pressemeldung_Dezember_2025.jpg\",\"articleSection\":[\"Pressemitteilungen\"],\"inLanguage\":\"de\"},{\"@type\":\"WebPage\",\"@id\":\"https:\/\/www.ral-c.com\/de\/temu-teelichter-fallen-im-oeko-test-durch-ral-guetezeichen-kerzen-bestaetigt-als-garant-fuer-schadstofffreiheit\/\",\"url\":\"https:\/\/www.ral-c.com\/de\/temu-teelichter-fallen-im-oeko-test-durch-ral-guetezeichen-kerzen-bestaetigt-als-garant-fuer-schadstofffreiheit\/\",\"name\":\"Temu-Teelichter fallen im \u00d6KO-TEST durch - RAL\",\"isPartOf\":{\"@id\":\"https:\/\/www.ral-c.com\/de\/#website\"},\"primaryImageOfPage\":{\"@id\":\"https:\/\/www.ral-c.com\/de\/temu-teelichter-fallen-im-oeko-test-durch-ral-guetezeichen-kerzen-bestaetigt-als-garant-fuer-schadstofffreiheit\/#primaryimage\"},\"image\":{\"@id\":\"https:\/\/www.ral-c.com\/de\/temu-teelichter-fallen-im-oeko-test-durch-ral-guetezeichen-kerzen-bestaetigt-als-garant-fuer-schadstofffreiheit\/#primaryimage\"},\"thumbnailUrl\":\"https:\/\/www.ral-c.com\/wp-content\/uploads\/2025\/12\/RAL_Pressemeldung_Dezember_2025.jpg\",\"datePublished\":\"2025-12-08T13:10:21+00:00\",\"dateModified\":\"2025-12-08T14:00:26+00:00\",\"description\":\"Im September erstrahlt die Welt in einem besonderen Glanz, denn es ist der World Candle Month. Ein ganzer Monat, der Kerzen gewidmet ist.\",\"breadcrumb\":{\"@id\":\"https:\/\/www.ral-c.com\/de\/temu-teelichter-fallen-im-oeko-test-durch-ral-guetezeichen-kerzen-bestaetigt-als-garant-fuer-schadstofffreiheit\/#breadcrumb\"},\"inLanguage\":\"de\",\"potentialAction\":[{\"@type\":\"ReadAction\",\"target\":[\"https:\/\/www.ral-c.com\/de\/temu-teelichter-fallen-im-oeko-test-durch-ral-guetezeichen-kerzen-bestaetigt-als-garant-fuer-schadstofffreiheit\/\"]}]},{\"@type\":\"ImageObject\",\"inLanguage\":\"de\",\"@id\":\"https:\/\/www.ral-c.com\/de\/temu-teelichter-fallen-im-oeko-test-durch-ral-guetezeichen-kerzen-bestaetigt-als-garant-fuer-schadstofffreiheit\/#primaryimage\",\"url\":\"https:\/\/www.ral-c.com\/wp-content\/uploads\/2025\/12\/RAL_Pressemeldung_Dezember_2025.jpg\",\"contentUrl\":\"https:\/\/www.ral-c.com\/wp-content\/uploads\/2025\/12\/RAL_Pressemeldung_Dezember_2025.jpg\",\"width\":2000,\"height\":1333},{\"@type\":\"BreadcrumbList\",\"@id\":\"https:\/\/www.ral-c.com\/de\/temu-teelichter-fallen-im-oeko-test-durch-ral-guetezeichen-kerzen-bestaetigt-als-garant-fuer-schadstofffreiheit\/#breadcrumb\",\"itemListElement\":[{\"@type\":\"ListItem\",\"position\":1,\"name\":\"Home\",\"item\":\"https:\/\/www.ral-c.com\/de\/\"},{\"@type\":\"ListItem\",\"position\":2,\"name\":\"Temu-Teelichter fallen im \u00d6KO-TEST durch\"}]},{\"@type\":\"WebSite\",\"@id\":\"https:\/\/www.ral-c.com\/de\/#website\",\"url\":\"https:\/\/www.ral-c.com\/de\/\",\"name\":\"RAL Quality Mark Candles\",\"description\":\"G\u00fctezeichen f\u00fcr Kerzen\",\"publisher\":{\"@id\":\"https:\/\/www.ral-c.com\/de\/#organization\"},\"potentialAction\":[{\"@type\":\"SearchAction\",\"target\":{\"@type\":\"EntryPoint\",\"urlTemplate\":\"https:\/\/www.ral-c.com\/de\/?s={search_term_string}\"},\"query-input\":{\"@type\":\"PropertyValueSpecification\",\"valueRequired\":true,\"valueName\":\"search_term_string\"}}],\"inLanguage\":\"de\"},{\"@type\":\"Organization\",\"@id\":\"https:\/\/www.ral-c.com\/de\/#organization\",\"name\":\"RAL Quality Mark Candles\",\"url\":\"https:\/\/www.ral-c.com\/de\/\",\"logo\":{\"@type\":\"ImageObject\",\"inLanguage\":\"de\",\"@id\":\"https:\/\/www.ral-c.com\/de\/#\/schema\/logo\/image\/\",\"url\":\"https:\/\/www.ral-c.com\/wp-content\/uploads\/2024\/08\/ral-website-logo-en.jpg\",\"contentUrl\":\"https:\/\/www.ral-c.com\/wp-content\/uploads\/2024\/08\/ral-website-logo-en.jpg\",\"width\":739,\"height\":1419,\"caption\":\"RAL Quality Mark Candles\"},\"image\":{\"@id\":\"https:\/\/www.ral-c.com\/de\/#\/schema\/logo\/image\/\"},\"sameAs\":[\"https:\/\/www.facebook.com\/kerzenguete\/\",\"https:\/\/www.instagram.com\/ralqualitymarkcandles\/\"]},{\"@type\":\"Person\",\"@id\":\"https:\/\/www.ral-c.com\/de\/#\/schema\/person\/4ef1d14498be2228466f0477068914de\",\"name\":\"bm\",\"image\":{\"@type\":\"ImageObject\",\"inLanguage\":\"de\",\"@id\":\"https:\/\/secure.gravatar.com\/avatar\/34cd12946130a9d093cde0d69c7ea4e70505b2d71bbee746cd0902f82e60603d?s=96&d=mm&r=g\",\"url\":\"https:\/\/secure.gravatar.com\/avatar\/34cd12946130a9d093cde0d69c7ea4e70505b2d71bbee746cd0902f82e60603d?s=96&d=mm&r=g\",\"contentUrl\":\"https:\/\/secure.gravatar.com\/avatar\/34cd12946130a9d093cde0d69c7ea4e70505b2d71bbee746cd0902f82e60603d?s=96&d=mm&r=g\",\"caption\":\"bm\"},\"url\":\"https:\/\/www.ral-c.com\/de\/author\/bm\/\"}]}<\/script>\n<!-- \/ Yoast SEO plugin. -->","yoast_head_json":{"title":"Temu-Teelichter fallen im \u00d6KO-TEST durch - RAL","description":"Im September erstrahlt die Welt in einem besonderen Glanz, denn es ist der World Candle Month. Ein ganzer Monat, der Kerzen gewidmet ist.","robots":{"index":"index","follow":"follow","max-snippet":"max-snippet:-1","max-image-preview":"max-image-preview:large","max-video-preview":"max-video-preview:-1"},"canonical":"https:\/\/www.ral-c.com\/de\/temu-teelichter-fallen-im-oeko-test-durch-ral-guetezeichen-kerzen-bestaetigt-als-garant-fuer-schadstofffreiheit\/","og_locale":"de_DE","og_type":"article","og_title":"Temu-Teelichter fallen im \u00d6KO-TEST durch - RAL","og_description":"Im September erstrahlt die Welt in einem besonderen Glanz, denn es ist der World Candle Month. Ein ganzer Monat, der Kerzen gewidmet ist.","og_url":"https:\/\/www.ral-c.com\/de\/temu-teelichter-fallen-im-oeko-test-durch-ral-guetezeichen-kerzen-bestaetigt-als-garant-fuer-schadstofffreiheit\/","og_site_name":"RAL","article_publisher":"https:\/\/www.facebook.com\/kerzenguete\/","article_published_time":"2025-12-08T13:10:21+00:00","article_modified_time":"2025-12-08T14:00:26+00:00","og_image":[{"width":1024,"height":682,"url":"https:\/\/www.ral-c.com\/wp-content\/uploads\/2025\/12\/RAL_Pressemeldung_Dezember_2025-1024x682.jpg","type":"image\/jpeg"}],"author":"bm","twitter_card":"summary_large_image","twitter_misc":{"Verfasst von":"bm","Gesch\u00e4tzte Lesezeit":"2\u00a0Minuten"},"schema":{"@context":"https:\/\/schema.org","@graph":[{"@type":"Article","@id":"https:\/\/www.ral-c.com\/de\/temu-teelichter-fallen-im-oeko-test-durch-ral-guetezeichen-kerzen-bestaetigt-als-garant-fuer-schadstofffreiheit\/#article","isPartOf":{"@id":"https:\/\/www.ral-c.com\/de\/temu-teelichter-fallen-im-oeko-test-durch-ral-guetezeichen-kerzen-bestaetigt-als-garant-fuer-schadstofffreiheit\/"},"author":{"name":"bm","@id":"https:\/\/www.ral-c.com\/de\/#\/schema\/person\/4ef1d14498be2228466f0477068914de"},"headline":"Temu-Teelichter fallen im \u00d6KO-TEST durch","datePublished":"2025-12-08T13:10:21+00:00","dateModified":"2025-12-08T14:00:26+00:00","mainEntityOfPage":{"@id":"https:\/\/www.ral-c.com\/de\/temu-teelichter-fallen-im-oeko-test-durch-ral-guetezeichen-kerzen-bestaetigt-als-garant-fuer-schadstofffreiheit\/"},"wordCount":193,"publisher":{"@id":"https:\/\/www.ral-c.com\/de\/#organization"},"image":{"@id":"https:\/\/www.ral-c.com\/de\/temu-teelichter-fallen-im-oeko-test-durch-ral-guetezeichen-kerzen-bestaetigt-als-garant-fuer-schadstofffreiheit\/#primaryimage"},"thumbnailUrl":"https:\/\/www.ral-c.com\/wp-content\/uploads\/2025\/12\/RAL_Pressemeldung_Dezember_2025.jpg","articleSection":["Pressemitteilungen"],"inLanguage":"de"},{"@type":"WebPage","@id":"https:\/\/www.ral-c.com\/de\/temu-teelichter-fallen-im-oeko-test-durch-ral-guetezeichen-kerzen-bestaetigt-als-garant-fuer-schadstofffreiheit\/","url":"https:\/\/www.ral-c.com\/de\/temu-teelichter-fallen-im-oeko-test-durch-ral-guetezeichen-kerzen-bestaetigt-als-garant-fuer-schadstofffreiheit\/","name":"Temu-Teelichter fallen im \u00d6KO-TEST durch - RAL","isPartOf":{"@id":"https:\/\/www.ral-c.com\/de\/#website"},"primaryImageOfPage":{"@id":"https:\/\/www.ral-c.com\/de\/temu-teelichter-fallen-im-oeko-test-durch-ral-guetezeichen-kerzen-bestaetigt-als-garant-fuer-schadstofffreiheit\/#primaryimage"},"image":{"@id":"https:\/\/www.ral-c.com\/de\/temu-teelichter-fallen-im-oeko-test-durch-ral-guetezeichen-kerzen-bestaetigt-als-garant-fuer-schadstofffreiheit\/#primaryimage"},"thumbnailUrl":"https:\/\/www.ral-c.com\/wp-content\/uploads\/2025\/12\/RAL_Pressemeldung_Dezember_2025.jpg","datePublished":"2025-12-08T13:10:21+00:00","dateModified":"2025-12-08T14:00:26+00:00","description":"Im September erstrahlt die Welt in einem besonderen Glanz, denn es ist der World Candle Month. Ein ganzer Monat, der Kerzen gewidmet ist.","breadcrumb":{"@id":"https:\/\/www.ral-c.com\/de\/temu-teelichter-fallen-im-oeko-test-durch-ral-guetezeichen-kerzen-bestaetigt-als-garant-fuer-schadstofffreiheit\/#breadcrumb"},"inLanguage":"de","potentialAction":[{"@type":"ReadAction","target":["https:\/\/www.ral-c.com\/de\/temu-teelichter-fallen-im-oeko-test-durch-ral-guetezeichen-kerzen-bestaetigt-als-garant-fuer-schadstofffreiheit\/"]}]},{"@type":"ImageObject","inLanguage":"de","@id":"https:\/\/www.ral-c.com\/de\/temu-teelichter-fallen-im-oeko-test-durch-ral-guetezeichen-kerzen-bestaetigt-als-garant-fuer-schadstofffreiheit\/#primaryimage","url":"https:\/\/www.ral-c.com\/wp-content\/uploads\/2025\/12\/RAL_Pressemeldung_Dezember_2025.jpg","contentUrl":"https:\/\/www.ral-c.com\/wp-content\/uploads\/2025\/12\/RAL_Pressemeldung_Dezember_2025.jpg","width":2000,"height":1333},{"@type":"BreadcrumbList","@id":"https:\/\/www.ral-c.com\/de\/temu-teelichter-fallen-im-oeko-test-durch-ral-guetezeichen-kerzen-bestaetigt-als-garant-fuer-schadstofffreiheit\/#breadcrumb","itemListElement":[{"@type":"ListItem","position":1,"name":"Home","item":"https:\/\/www.ral-c.com\/de\/"},{"@type":"ListItem","position":2,"name":"Temu-Teelichter fallen im \u00d6KO-TEST durch"}]},{"@type":"WebSite","@id":"https:\/\/www.ral-c.com\/de\/#website","url":"https:\/\/www.ral-c.com\/de\/","name":"RAL Quality Mark Candles","description":"G\u00fctezeichen f\u00fcr Kerzen","publisher":{"@id":"https:\/\/www.ral-c.com\/de\/#organization"},"potentialAction":[{"@type":"SearchAction","target":{"@type":"EntryPoint","urlTemplate":"https:\/\/www.ral-c.com\/de\/?s={search_term_string}"},"query-input":{"@type":"PropertyValueSpecification","valueRequired":true,"valueName":"search_term_string"}}],"inLanguage":"de"},{"@type":"Organization","@id":"https:\/\/www.ral-c.com\/de\/#organization","name":"RAL Quality Mark Candles","url":"https:\/\/www.ral-c.com\/de\/","logo":{"@type":"ImageObject","inLanguage":"de","@id":"https:\/\/www.ral-c.com\/de\/#\/schema\/logo\/image\/","url":"https:\/\/www.ral-c.com\/wp-content\/uploads\/2024\/08\/ral-website-logo-en.jpg","contentUrl":"https:\/\/www.ral-c.com\/wp-content\/uploads\/2024\/08\/ral-website-logo-en.jpg","width":739,"height":1419,"caption":"RAL Quality Mark Candles"},"image":{"@id":"https:\/\/www.ral-c.com\/de\/#\/schema\/logo\/image\/"},"sameAs":["https:\/\/www.facebook.com\/kerzenguete\/","https:\/\/www.instagram.com\/ralqualitymarkcandles\/"]},{"@type":"Person","@id":"https:\/\/www.ral-c.com\/de\/#\/schema\/person\/4ef1d14498be2228466f0477068914de","name":"bm","image":{"@type":"ImageObject","inLanguage":"de","@id":"https:\/\/secure.gravatar.com\/avatar\/34cd12946130a9d093cde0d69c7ea4e70505b2d71bbee746cd0902f82e60603d?s=96&d=mm&r=g","url":"https:\/\/secure.gravatar.com\/avatar\/34cd12946130a9d093cde0d69c7ea4e70505b2d71bbee746cd0902f82e60603d?s=96&d=mm&r=g","contentUrl":"https:\/\/secure.gravatar.com\/avatar\/34cd12946130a9d093cde0d69c7ea4e70505b2d71bbee746cd0902f82e60603d?s=96&d=mm&r=g","caption":"bm"},"url":"https:\/\/www.ral-c.com\/de\/author\/bm\/"}]}},"_links":{"self":[{"href":"https:\/\/www.ral-c.com\/de\/wp-json\/wp\/v2\/posts\/7683","targetHints":{"allow":["GET"]}}],"collection":[{"href":"https:\/\/www.ral-c.com\/de\/wp-json\/wp\/v2\/posts"}],"about":[{"href":"https:\/\/www.ral-c.com\/de\/wp-json\/wp\/v2\/types\/post"}],"author":[{"embeddable":true,"href":"https:\/\/www.ral-c.com\/de\/wp-json\/wp\/v2\/users\/3"}],"replies":[{"embeddable":true,"href":"https:\/\/www.ral-c.com\/de\/wp-json\/wp\/v2\/comments?post=7683"}],"version-history":[{"count":87,"href":"https:\/\/www.ral-c.com\/de\/wp-json\/wp\/v2\/posts\/7683\/revisions"}],"predecessor-version":[{"id":7821,"href":"https:\/\/www.ral-c.com\/de\/wp-json\/wp\/v2\/posts\/7683\/revisions\/7821"}],"wp:featuredmedia":[{"embeddable":true,"href":"https:\/\/www.ral-c.com\/de\/wp-json\/wp\/v2\/media\/7678"}],"wp:attachment":[{"href":"https:\/\/www.ral-c.com\/de\/wp-json\/wp\/v2\/media?parent=7683"}],"wp:term":[{"taxonomy":"category","embeddable":true,"href":"https:\/\/www.ral-c.com\/de\/wp-json\/wp\/v2\/categories?post=7683"},{"taxonomy":"post_tag","embeddable":true,"href":"https:\/\/www.ral-c.com\/de\/wp-json\/wp\/v2\/tags?post=7683"}],"curies":[{"name":"wp","href":"https:\/\/api.w.org\/{rel}","templated":true}]}}