{"id":6519,"date":"2025-09-04T06:22:59","date_gmt":"2025-09-04T06:22:59","guid":{"rendered":"https:\/\/www.ral-c.com\/?p=6519"},"modified":"2025-10-13T10:24:32","modified_gmt":"2025-10-13T10:24:32","slug":"ein-monat-voller-licht-und-duft","status":"publish","type":"post","link":"https:\/\/www.ral-c.com\/de\/ein-monat-voller-licht-und-duft\/","title":{"rendered":"Ein Monat voller Licht und Duft"},"content":{"rendered":"\t\t<div data-elementor-type=\"wp-post\" data-elementor-id=\"6519\" class=\"elementor elementor-6519 elementor-6502\" data-elementor-post-type=\"post\">\n\t\t\t\t<div class=\"elementor-element elementor-element-24bb212 e-flex e-con-boxed e-con e-parent\" data-id=\"24bb212\" data-element_type=\"container\" data-e-type=\"container\">\n\t\t\t\t\t<div class=\"e-con-inner\">\n\t\t<div class=\"elementor-element elementor-element-a7a275e e-con-full e-flex e-con e-child\" data-id=\"a7a275e\" data-element_type=\"container\" data-e-type=\"container\">\n\t\t\t\t<div class=\"elementor-element elementor-element-336280d elementor-widget elementor-widget-theme-post-title elementor-page-title elementor-widget-heading\" data-id=\"336280d\" data-element_type=\"widget\" data-e-type=\"widget\" data-widget_type=\"theme-post-title.default\">\n\t\t\t\t<div class=\"elementor-widget-container\">\n\t\t\t\t\t<h1 class=\"elementor-heading-title elementor-size-default\">Ein Monat voller Licht und Duft<\/h1>\t\t\t\t<\/div>\n\t\t\t\t<\/div>\n\t\t\t\t<div class=\"elementor-element elementor-element-c2d64e7 elementor-widget elementor-widget-image\" data-id=\"c2d64e7\" data-element_type=\"widget\" data-e-type=\"widget\" data-widget_type=\"image.default\">\n\t\t\t\t<div class=\"elementor-widget-container\">\n\t\t\t\t\t\t\t\t\t\t\t\t\t\t\t<img fetchpriority=\"high\" decoding=\"async\" width=\"2560\" height=\"1435\" src=\"https:\/\/www.ral-c.com\/wp-content\/uploads\/2025\/09\/RAL_Pressemitteilung_Herbstmotiv_EN-scaled.jpg\" class=\"attachment-full size-full wp-image-6508\" alt=\"\" srcset=\"https:\/\/www.ral-c.com\/wp-content\/uploads\/2025\/09\/RAL_Pressemitteilung_Herbstmotiv_EN-scaled.jpg 2560w, https:\/\/www.ral-c.com\/wp-content\/uploads\/2025\/09\/RAL_Pressemitteilung_Herbstmotiv_EN-300x168.jpg 300w, https:\/\/www.ral-c.com\/wp-content\/uploads\/2025\/09\/RAL_Pressemitteilung_Herbstmotiv_EN-1024x574.jpg 1024w, https:\/\/www.ral-c.com\/wp-content\/uploads\/2025\/09\/RAL_Pressemitteilung_Herbstmotiv_EN-768x430.jpg 768w, https:\/\/www.ral-c.com\/wp-content\/uploads\/2025\/09\/RAL_Pressemitteilung_Herbstmotiv_EN-1536x861.jpg 1536w, https:\/\/www.ral-c.com\/wp-content\/uploads\/2025\/09\/RAL_Pressemitteilung_Herbstmotiv_EN-2048x1148.jpg 2048w\" sizes=\"(max-width: 2560px) 100vw, 2560px\" \/>\t\t\t\t\t\t\t\t\t\t\t\t\t\t\t<\/div>\n\t\t\t\t<\/div>\n\t\t\t\t<\/div>\n\t\t<div class=\"elementor-element elementor-element-b0823cb e-con-full e-flex e-con e-child\" data-id=\"b0823cb\" data-element_type=\"container\" data-e-type=\"container\">\n\t\t\t\t<div class=\"elementor-element elementor-element-603ec7d elementor-widget elementor-widget-text-editor\" data-id=\"603ec7d\" data-element_type=\"widget\" data-e-type=\"widget\" data-widget_type=\"text-editor.default\">\n\t\t\t\t<div class=\"elementor-widget-container\">\n\t\t\t\t\t\t\t\t\t<p>Der World Candle Month im September<\/p><p>Im September erstrahlt die Welt in einem besonderen Glanz, denn es ist der World Candle Month. Ein ganzer Monat, der dem Charme und der Bedeutung von Kerzen gewidmet ist. Ob f\u00fcr ein gem\u00fctliches Zuhause, ein festliches Abendessen oder einfach als Moment der Entspannung &#8211; Kerzen schaffen eine einzigartige Atmosph\u00e4re und sind aus unserem Alltag nicht wegzudenken.<\/p><p>Der World Candle Month w\u00fcrdigt die jahrhundertealte Tradition und die moderne Relevanz der Kerze. Urspr\u00fcnglich als reine Lichtquelle genutzt, sind Kerzen heute zu einem vielseitigen Lifestyle-Produkt avanciert und viel mehr als nur eine Lichtquelle. Sie sind nicht nur Stimmungsaufheller, sondern auch ein Ausdruck von Stil, Pers\u00f6nlichkeit und Wohlbefinden.<\/p><p>Warum Kerzen so viel mehr sind als nur Wachs und Docht:<br \/><span style=\"font-size: 1rem;\">Stimmungsmacher: Ein sanft flackerndes Licht kann R\u00e4ume sofort verwandeln. Es schafft eine warme, einladende und beruhigende Atmosph\u00e4re, ideal zum Entspannen nach einem langen Tag.<\/span><\/p><p>Aromatherapie f\u00fcr die Sinne: Duftkerzen sind kleine Wellness-Oasen. Ob Lavendel zur Beruhigung, Zitrusd\u00fcfte zur Belebung oder Vanille f\u00fcr ein Gef\u00fchl von Geborgenheit &#8211; der richtige Duft kann das pers\u00f6nliche Wohlbefinden nachhaltig steigern.<\/p><p>\u00a0<\/p>\t\t\t\t\t\t\t\t<\/div>\n\t\t\t\t<\/div>\n\t\t\t\t<\/div>\n\t\t<div class=\"elementor-element elementor-element-f4ca442 e-con-full e-flex e-con e-child\" data-id=\"f4ca442\" data-element_type=\"container\" data-e-type=\"container\">\n\t\t\t\t<div class=\"elementor-element elementor-element-5b80a79 elementor-widget elementor-widget-text-editor\" data-id=\"5b80a79\" data-element_type=\"widget\" data-e-type=\"widget\" data-widget_type=\"text-editor.default\">\n\t\t\t\t<div class=\"elementor-widget-container\">\n\t\t\t\t\t\t\t\t\t<p>Teil von Ritualen: Kerzen begleiten uns in besonderen Momenten, sei es bei Geburtstagsfeiern, religi\u00f6sen Zeremonien oder einfach als Teil einer bewussten Auszeit, um zur Ruhe zu kommen.<\/p>\n<p>Dieser besondere Monat soll dazu anregen, die Vielfalt der Kerzen zu entdecken und ihre Wirkung bewusst zu genie\u00dfen. Feiern Sie den World Candle Month, indem Sie sich eine neue Lieblingskerze g\u00f6nnen, einen Abend bei Kerzenschein verbringen oder einfach die beruhigende Wirkung einer einzigen Flamme genie\u00dfen. Teilen Sie Ihre pers\u00f6nlichen Kerzenmomente unter dem Hashtag #WorldCandleMonth.<\/p>\n<p>Achten Sie im Handel auf die Qualit\u00e4t der Kerzen und Lichte. Ein verl\u00e4ssliches Siegel ist das als europ\u00e4ische Marke gesch\u00fctzte RAL-G\u00fctezeichen Kerzen- Kerzen mit dem G\u00fctezeichen erf\u00fcllen hohe Standards und garantieren gepr\u00fcfte Qualit\u00e4t. Sie brennen ruhig und gleichm\u00e4\u00dfig bis zum Schluss, sind ru\u00df- und raucharm und haben keine negativen gesundheitlichen Auswirkungen. Mehr dazu erfahren sie auf der Webseite ral-c.com.<\/p>\t\t\t\t\t\t\t\t<\/div>\n\t\t\t\t<\/div>\n\t\t\t\t<\/div>\n\t\t\t\t\t<\/div>\n\t\t\t\t<\/div>\n\t\t<div class=\"elementor-element elementor-element-19ebf00 e-flex e-con-boxed e-con e-parent\" data-id=\"19ebf00\" data-element_type=\"container\" data-e-type=\"container\">\n\t\t\t\t\t<div class=\"e-con-inner\">\n\t\t<div class=\"elementor-element elementor-element-a50b1d1 e-con-full e-flex e-con e-child\" data-id=\"a50b1d1\" data-element_type=\"container\" data-e-type=\"container\">\n\t\t\t\t<div class=\"elementor-element elementor-element-b2b3041 elementor-widget-tablet__width-initial elementor-view-default elementor-widget elementor-widget-icon\" data-id=\"b2b3041\" data-element_type=\"widget\" data-e-type=\"widget\" data-widget_type=\"icon.default\">\n\t\t\t\t<div class=\"elementor-widget-container\">\n\t\t\t\t\t\t\t<div class=\"elementor-icon-wrapper\">\n\t\t\t<a class=\"elementor-icon\" href=\"http:\/\/facebook.com\/sharer.php\" target=\"_blank\">\n\t\t\t<svg aria-hidden=\"true\" class=\"e-font-icon-svg e-fab-facebook-f\" viewBox=\"0 0 320 512\" xmlns=\"http:\/\/www.w3.org\/2000\/svg\"><path d=\"M279.14 288l14.22-92.66h-88.91v-60.13c0-25.35 12.42-50.06 52.24-50.06h40.42V6.26S260.43 0 225.36 0c-73.22 0-121.08 44.38-121.08 124.72v70.62H22.89V288h81.39v224h100.17V288z\"><\/path><\/svg>\t\t\t<\/a>\n\t\t<\/div>\n\t\t\t\t\t\t<\/div>\n\t\t\t\t<\/div>\n\t\t\t\t<div class=\"elementor-element elementor-element-7a1c14d elementor-widget-tablet__width-initial elementor-view-default elementor-widget elementor-widget-icon\" data-id=\"7a1c14d\" data-element_type=\"widget\" data-e-type=\"widget\" data-widget_type=\"icon.default\">\n\t\t\t\t<div class=\"elementor-widget-container\">\n\t\t\t\t\t\t\t<div class=\"elementor-icon-wrapper\">\n\t\t\t<a class=\"elementor-icon\" href=\"https:\/\/www.instagram.com\/ralqualitymarkcandles\/\" target=\"_blank\">\n\t\t\t<svg aria-hidden=\"true\" class=\"e-font-icon-svg e-fab-instagram\" viewBox=\"0 0 448 512\" xmlns=\"http:\/\/www.w3.org\/2000\/svg\"><path d=\"M224.1 141c-63.6 0-114.9 51.3-114.9 114.9s51.3 114.9 114.9 114.9S339 319.5 339 255.9 287.7 141 224.1 141zm0 189.6c-41.1 0-74.7-33.5-74.7-74.7s33.5-74.7 74.7-74.7 74.7 33.5 74.7 74.7-33.6 74.7-74.7 74.7zm146.4-194.3c0 14.9-12 26.8-26.8 26.8-14.9 0-26.8-12-26.8-26.8s12-26.8 26.8-26.8 26.8 12 26.8 26.8zm76.1 27.2c-1.7-35.9-9.9-67.7-36.2-93.9-26.2-26.2-58-34.4-93.9-36.2-37-2.1-147.9-2.1-184.9 0-35.8 1.7-67.6 9.9-93.9 36.1s-34.4 58-36.2 93.9c-2.1 37-2.1 147.9 0 184.9 1.7 35.9 9.9 67.7 36.2 93.9s58 34.4 93.9 36.2c37 2.1 147.9 2.1 184.9 0 35.9-1.7 67.7-9.9 93.9-36.2 26.2-26.2 34.4-58 36.2-93.9 2.1-37 2.1-147.8 0-184.8zM398.8 388c-7.8 19.6-22.9 34.7-42.6 42.6-29.5 11.7-99.5 9-132.1 9s-102.7 2.6-132.1-9c-19.6-7.8-34.7-22.9-42.6-42.6-11.7-29.5-9-99.5-9-132.1s-2.6-102.7 9-132.1c7.8-19.6 22.9-34.7 42.6-42.6 29.5-11.7 99.5-9 132.1-9s102.7-2.6 132.1 9c19.6 7.8 34.7 22.9 42.6 42.6 11.7 29.5 9 99.5 9 132.1s2.7 102.7-9 132.1z\"><\/path><\/svg>\t\t\t<\/a>\n\t\t<\/div>\n\t\t\t\t\t\t<\/div>\n\t\t\t\t<\/div>\n\t\t\t\t<\/div>\n\t\t\t\t\t<\/div>\n\t\t\t\t<\/div>\n\t\t\t\t<\/div>\n\t\t","protected":false},"excerpt":{"rendered":"<p>Der World Candle Month im September Im September erstrahlt die Welt in einem besonderen Glanz, denn es ist der World Candle Month. Ein ganzer Monat, der dem Charme und der Bedeutung von Kerzen gewidmet ist. Ob f\u00fcr ein gem\u00fctliches Zuhause, ein festliches Abendessen oder einfach als Moment der Entspannung &#8211; Kerzen schaffen eine einzigartige Atmosph\u00e4re [&hellip;]<\/p>\n","protected":false},"author":2,"featured_media":6508,"comment_status":"closed","ping_status":"closed","sticky":false,"template":"elementor_header_footer","format":"standard","meta":{"footnotes":""},"categories":[1],"tags":[],"class_list":["post-6519","post","type-post","status-publish","format-standard","has-post-thumbnail","hentry","category-press"],"acf":[],"yoast_head":"<!-- This site is optimized with the Yoast SEO plugin v27.2 - https:\/\/yoast.com\/product\/yoast-seo-wordpress\/ -->\n<title>Ein Monat voller Licht und Duft - RAL<\/title>\n<meta name=\"description\" content=\"Im September erstrahlt die Welt in einem besonderen Glanz, denn es ist der World Candle Month. Ein ganzer Monat, der Kerzen gewidmet ist.\" \/>\n<meta name=\"robots\" content=\"index, follow, max-snippet:-1, max-image-preview:large, max-video-preview:-1\" \/>\n<link rel=\"canonical\" href=\"https:\/\/www.ral-c.com\/de\/ein-monat-voller-licht-und-duft\/\" \/>\n<meta property=\"og:locale\" content=\"de_DE\" \/>\n<meta property=\"og:type\" content=\"article\" \/>\n<meta property=\"og:title\" content=\"Ein Monat voller Licht und Duft - RAL\" \/>\n<meta property=\"og:description\" content=\"Im September erstrahlt die Welt in einem besonderen Glanz, denn es ist der World Candle Month. Ein ganzer Monat, der Kerzen gewidmet ist.\" \/>\n<meta property=\"og:url\" content=\"https:\/\/www.ral-c.com\/de\/ein-monat-voller-licht-und-duft\/\" \/>\n<meta property=\"og:site_name\" content=\"RAL\" \/>\n<meta property=\"article:publisher\" content=\"https:\/\/www.facebook.com\/kerzenguete\/\" \/>\n<meta property=\"article:published_time\" content=\"2025-09-04T06:22:59+00:00\" \/>\n<meta property=\"article:modified_time\" content=\"2025-10-13T10:24:32+00:00\" \/>\n<meta property=\"og:image\" content=\"https:\/\/www.ral-c.com\/wp-content\/uploads\/2025\/09\/RAL_Pressemitteilung_Herbstmotiv_EN-scaled.jpg\" \/>\n\t<meta property=\"og:image:width\" content=\"2560\" \/>\n\t<meta property=\"og:image:height\" content=\"1435\" \/>\n\t<meta property=\"og:image:type\" content=\"image\/jpeg\" \/>\n<meta name=\"author\" content=\"mg\" \/>\n<meta name=\"twitter:card\" content=\"summary_large_image\" \/>\n<meta name=\"twitter:label1\" content=\"Verfasst von\" \/>\n\t<meta name=\"twitter:data1\" content=\"mg\" \/>\n\t<meta name=\"twitter:label2\" content=\"Gesch\u00e4tzte Lesezeit\" \/>\n\t<meta name=\"twitter:data2\" content=\"2\u00a0Minuten\" \/>\n<script type=\"application\/ld+json\" class=\"yoast-schema-graph\">{\"@context\":\"https:\/\/schema.org\",\"@graph\":[{\"@type\":\"Article\",\"@id\":\"https:\/\/www.ral-c.com\/de\/ein-monat-voller-licht-und-duft\/#article\",\"isPartOf\":{\"@id\":\"https:\/\/www.ral-c.com\/de\/ein-monat-voller-licht-und-duft\/\"},\"author\":{\"name\":\"mg\",\"@id\":\"https:\/\/www.ral-c.com\/de\/#\/schema\/person\/c164adddd3c4c523ddc806863ebd2e1d\"},\"headline\":\"Ein Monat voller Licht und Duft\",\"datePublished\":\"2025-09-04T06:22:59+00:00\",\"dateModified\":\"2025-10-13T10:24:32+00:00\",\"mainEntityOfPage\":{\"@id\":\"https:\/\/www.ral-c.com\/de\/ein-monat-voller-licht-und-duft\/\"},\"wordCount\":353,\"publisher\":{\"@id\":\"https:\/\/www.ral-c.com\/de\/#organization\"},\"image\":{\"@id\":\"https:\/\/www.ral-c.com\/de\/ein-monat-voller-licht-und-duft\/#primaryimage\"},\"thumbnailUrl\":\"https:\/\/www.ral-c.com\/wp-content\/uploads\/2025\/09\/RAL_Pressemitteilung_Herbstmotiv_EN-scaled.jpg\",\"articleSection\":[\"Pressemitteilungen\"],\"inLanguage\":\"de\"},{\"@type\":\"WebPage\",\"@id\":\"https:\/\/www.ral-c.com\/de\/ein-monat-voller-licht-und-duft\/\",\"url\":\"https:\/\/www.ral-c.com\/de\/ein-monat-voller-licht-und-duft\/\",\"name\":\"Ein Monat voller Licht und Duft - RAL\",\"isPartOf\":{\"@id\":\"https:\/\/www.ral-c.com\/de\/#website\"},\"primaryImageOfPage\":{\"@id\":\"https:\/\/www.ral-c.com\/de\/ein-monat-voller-licht-und-duft\/#primaryimage\"},\"image\":{\"@id\":\"https:\/\/www.ral-c.com\/de\/ein-monat-voller-licht-und-duft\/#primaryimage\"},\"thumbnailUrl\":\"https:\/\/www.ral-c.com\/wp-content\/uploads\/2025\/09\/RAL_Pressemitteilung_Herbstmotiv_EN-scaled.jpg\",\"datePublished\":\"2025-09-04T06:22:59+00:00\",\"dateModified\":\"2025-10-13T10:24:32+00:00\",\"description\":\"Im September erstrahlt die Welt in einem besonderen Glanz, denn es ist der World Candle Month. Ein ganzer Monat, der Kerzen gewidmet ist.\",\"breadcrumb\":{\"@id\":\"https:\/\/www.ral-c.com\/de\/ein-monat-voller-licht-und-duft\/#breadcrumb\"},\"inLanguage\":\"de\",\"potentialAction\":[{\"@type\":\"ReadAction\",\"target\":[\"https:\/\/www.ral-c.com\/de\/ein-monat-voller-licht-und-duft\/\"]}]},{\"@type\":\"ImageObject\",\"inLanguage\":\"de\",\"@id\":\"https:\/\/www.ral-c.com\/de\/ein-monat-voller-licht-und-duft\/#primaryimage\",\"url\":\"https:\/\/www.ral-c.com\/wp-content\/uploads\/2025\/09\/RAL_Pressemitteilung_Herbstmotiv_EN-scaled.jpg\",\"contentUrl\":\"https:\/\/www.ral-c.com\/wp-content\/uploads\/2025\/09\/RAL_Pressemitteilung_Herbstmotiv_EN-scaled.jpg\",\"width\":2560,\"height\":1435},{\"@type\":\"BreadcrumbList\",\"@id\":\"https:\/\/www.ral-c.com\/de\/ein-monat-voller-licht-und-duft\/#breadcrumb\",\"itemListElement\":[{\"@type\":\"ListItem\",\"position\":1,\"name\":\"Home\",\"item\":\"https:\/\/www.ral-c.com\/de\/\"},{\"@type\":\"ListItem\",\"position\":2,\"name\":\"Ein Monat voller Licht und Duft\"}]},{\"@type\":\"WebSite\",\"@id\":\"https:\/\/www.ral-c.com\/de\/#website\",\"url\":\"https:\/\/www.ral-c.com\/de\/\",\"name\":\"RAL Quality Mark Candles\",\"description\":\"G\u00fctezeichen f\u00fcr Kerzen\",\"publisher\":{\"@id\":\"https:\/\/www.ral-c.com\/de\/#organization\"},\"potentialAction\":[{\"@type\":\"SearchAction\",\"target\":{\"@type\":\"EntryPoint\",\"urlTemplate\":\"https:\/\/www.ral-c.com\/de\/?s={search_term_string}\"},\"query-input\":{\"@type\":\"PropertyValueSpecification\",\"valueRequired\":true,\"valueName\":\"search_term_string\"}}],\"inLanguage\":\"de\"},{\"@type\":\"Organization\",\"@id\":\"https:\/\/www.ral-c.com\/de\/#organization\",\"name\":\"RAL Quality Mark Candles\",\"url\":\"https:\/\/www.ral-c.com\/de\/\",\"logo\":{\"@type\":\"ImageObject\",\"inLanguage\":\"de\",\"@id\":\"https:\/\/www.ral-c.com\/de\/#\/schema\/logo\/image\/\",\"url\":\"https:\/\/www.ral-c.com\/wp-content\/uploads\/2024\/08\/ral-website-logo-en.jpg\",\"contentUrl\":\"https:\/\/www.ral-c.com\/wp-content\/uploads\/2024\/08\/ral-website-logo-en.jpg\",\"width\":739,\"height\":1419,\"caption\":\"RAL Quality Mark Candles\"},\"image\":{\"@id\":\"https:\/\/www.ral-c.com\/de\/#\/schema\/logo\/image\/\"},\"sameAs\":[\"https:\/\/www.facebook.com\/kerzenguete\/\",\"https:\/\/www.instagram.com\/ralqualitymarkcandles\/\"]},{\"@type\":\"Person\",\"@id\":\"https:\/\/www.ral-c.com\/de\/#\/schema\/person\/c164adddd3c4c523ddc806863ebd2e1d\",\"name\":\"mg\",\"image\":{\"@type\":\"ImageObject\",\"inLanguage\":\"de\",\"@id\":\"https:\/\/secure.gravatar.com\/avatar\/d9e5d7bd80bb3bc10c314de661cd23811aa0260ed7383fef143b78908a85330e?s=96&d=mm&r=g\",\"url\":\"https:\/\/secure.gravatar.com\/avatar\/d9e5d7bd80bb3bc10c314de661cd23811aa0260ed7383fef143b78908a85330e?s=96&d=mm&r=g\",\"contentUrl\":\"https:\/\/secure.gravatar.com\/avatar\/d9e5d7bd80bb3bc10c314de661cd23811aa0260ed7383fef143b78908a85330e?s=96&d=mm&r=g\",\"caption\":\"mg\"},\"url\":\"https:\/\/www.ral-c.com\/de\/author\/mg\/\"}]}<\/script>\n<!-- \/ Yoast SEO plugin. -->","yoast_head_json":{"title":"Ein Monat voller Licht und Duft - RAL","description":"Im September erstrahlt die Welt in einem besonderen Glanz, denn es ist der World Candle Month. Ein ganzer Monat, der Kerzen gewidmet ist.","robots":{"index":"index","follow":"follow","max-snippet":"max-snippet:-1","max-image-preview":"max-image-preview:large","max-video-preview":"max-video-preview:-1"},"canonical":"https:\/\/www.ral-c.com\/de\/ein-monat-voller-licht-und-duft\/","og_locale":"de_DE","og_type":"article","og_title":"Ein Monat voller Licht und Duft - RAL","og_description":"Im September erstrahlt die Welt in einem besonderen Glanz, denn es ist der World Candle Month. Ein ganzer Monat, der Kerzen gewidmet ist.","og_url":"https:\/\/www.ral-c.com\/de\/ein-monat-voller-licht-und-duft\/","og_site_name":"RAL","article_publisher":"https:\/\/www.facebook.com\/kerzenguete\/","article_published_time":"2025-09-04T06:22:59+00:00","article_modified_time":"2025-10-13T10:24:32+00:00","og_image":[{"width":2560,"height":1435,"url":"https:\/\/www.ral-c.com\/wp-content\/uploads\/2025\/09\/RAL_Pressemitteilung_Herbstmotiv_EN-scaled.jpg","type":"image\/jpeg"}],"author":"mg","twitter_card":"summary_large_image","twitter_misc":{"Verfasst von":"mg","Gesch\u00e4tzte Lesezeit":"2\u00a0Minuten"},"schema":{"@context":"https:\/\/schema.org","@graph":[{"@type":"Article","@id":"https:\/\/www.ral-c.com\/de\/ein-monat-voller-licht-und-duft\/#article","isPartOf":{"@id":"https:\/\/www.ral-c.com\/de\/ein-monat-voller-licht-und-duft\/"},"author":{"name":"mg","@id":"https:\/\/www.ral-c.com\/de\/#\/schema\/person\/c164adddd3c4c523ddc806863ebd2e1d"},"headline":"Ein Monat voller Licht und Duft","datePublished":"2025-09-04T06:22:59+00:00","dateModified":"2025-10-13T10:24:32+00:00","mainEntityOfPage":{"@id":"https:\/\/www.ral-c.com\/de\/ein-monat-voller-licht-und-duft\/"},"wordCount":353,"publisher":{"@id":"https:\/\/www.ral-c.com\/de\/#organization"},"image":{"@id":"https:\/\/www.ral-c.com\/de\/ein-monat-voller-licht-und-duft\/#primaryimage"},"thumbnailUrl":"https:\/\/www.ral-c.com\/wp-content\/uploads\/2025\/09\/RAL_Pressemitteilung_Herbstmotiv_EN-scaled.jpg","articleSection":["Pressemitteilungen"],"inLanguage":"de"},{"@type":"WebPage","@id":"https:\/\/www.ral-c.com\/de\/ein-monat-voller-licht-und-duft\/","url":"https:\/\/www.ral-c.com\/de\/ein-monat-voller-licht-und-duft\/","name":"Ein Monat voller Licht und Duft - RAL","isPartOf":{"@id":"https:\/\/www.ral-c.com\/de\/#website"},"primaryImageOfPage":{"@id":"https:\/\/www.ral-c.com\/de\/ein-monat-voller-licht-und-duft\/#primaryimage"},"image":{"@id":"https:\/\/www.ral-c.com\/de\/ein-monat-voller-licht-und-duft\/#primaryimage"},"thumbnailUrl":"https:\/\/www.ral-c.com\/wp-content\/uploads\/2025\/09\/RAL_Pressemitteilung_Herbstmotiv_EN-scaled.jpg","datePublished":"2025-09-04T06:22:59+00:00","dateModified":"2025-10-13T10:24:32+00:00","description":"Im September erstrahlt die Welt in einem besonderen Glanz, denn es ist der World Candle Month. Ein ganzer Monat, der Kerzen gewidmet ist.","breadcrumb":{"@id":"https:\/\/www.ral-c.com\/de\/ein-monat-voller-licht-und-duft\/#breadcrumb"},"inLanguage":"de","potentialAction":[{"@type":"ReadAction","target":["https:\/\/www.ral-c.com\/de\/ein-monat-voller-licht-und-duft\/"]}]},{"@type":"ImageObject","inLanguage":"de","@id":"https:\/\/www.ral-c.com\/de\/ein-monat-voller-licht-und-duft\/#primaryimage","url":"https:\/\/www.ral-c.com\/wp-content\/uploads\/2025\/09\/RAL_Pressemitteilung_Herbstmotiv_EN-scaled.jpg","contentUrl":"https:\/\/www.ral-c.com\/wp-content\/uploads\/2025\/09\/RAL_Pressemitteilung_Herbstmotiv_EN-scaled.jpg","width":2560,"height":1435},{"@type":"BreadcrumbList","@id":"https:\/\/www.ral-c.com\/de\/ein-monat-voller-licht-und-duft\/#breadcrumb","itemListElement":[{"@type":"ListItem","position":1,"name":"Home","item":"https:\/\/www.ral-c.com\/de\/"},{"@type":"ListItem","position":2,"name":"Ein Monat voller Licht und Duft"}]},{"@type":"WebSite","@id":"https:\/\/www.ral-c.com\/de\/#website","url":"https:\/\/www.ral-c.com\/de\/","name":"RAL Quality Mark Candles","description":"G\u00fctezeichen f\u00fcr Kerzen","publisher":{"@id":"https:\/\/www.ral-c.com\/de\/#organization"},"potentialAction":[{"@type":"SearchAction","target":{"@type":"EntryPoint","urlTemplate":"https:\/\/www.ral-c.com\/de\/?s={search_term_string}"},"query-input":{"@type":"PropertyValueSpecification","valueRequired":true,"valueName":"search_term_string"}}],"inLanguage":"de"},{"@type":"Organization","@id":"https:\/\/www.ral-c.com\/de\/#organization","name":"RAL Quality Mark Candles","url":"https:\/\/www.ral-c.com\/de\/","logo":{"@type":"ImageObject","inLanguage":"de","@id":"https:\/\/www.ral-c.com\/de\/#\/schema\/logo\/image\/","url":"https:\/\/www.ral-c.com\/wp-content\/uploads\/2024\/08\/ral-website-logo-en.jpg","contentUrl":"https:\/\/www.ral-c.com\/wp-content\/uploads\/2024\/08\/ral-website-logo-en.jpg","width":739,"height":1419,"caption":"RAL Quality Mark Candles"},"image":{"@id":"https:\/\/www.ral-c.com\/de\/#\/schema\/logo\/image\/"},"sameAs":["https:\/\/www.facebook.com\/kerzenguete\/","https:\/\/www.instagram.com\/ralqualitymarkcandles\/"]},{"@type":"Person","@id":"https:\/\/www.ral-c.com\/de\/#\/schema\/person\/c164adddd3c4c523ddc806863ebd2e1d","name":"mg","image":{"@type":"ImageObject","inLanguage":"de","@id":"https:\/\/secure.gravatar.com\/avatar\/d9e5d7bd80bb3bc10c314de661cd23811aa0260ed7383fef143b78908a85330e?s=96&d=mm&r=g","url":"https:\/\/secure.gravatar.com\/avatar\/d9e5d7bd80bb3bc10c314de661cd23811aa0260ed7383fef143b78908a85330e?s=96&d=mm&r=g","contentUrl":"https:\/\/secure.gravatar.com\/avatar\/d9e5d7bd80bb3bc10c314de661cd23811aa0260ed7383fef143b78908a85330e?s=96&d=mm&r=g","caption":"mg"},"url":"https:\/\/www.ral-c.com\/de\/author\/mg\/"}]}},"_links":{"self":[{"href":"https:\/\/www.ral-c.com\/de\/wp-json\/wp\/v2\/posts\/6519","targetHints":{"allow":["GET"]}}],"collection":[{"href":"https:\/\/www.ral-c.com\/de\/wp-json\/wp\/v2\/posts"}],"about":[{"href":"https:\/\/www.ral-c.com\/de\/wp-json\/wp\/v2\/types\/post"}],"author":[{"embeddable":true,"href":"https:\/\/www.ral-c.com\/de\/wp-json\/wp\/v2\/users\/2"}],"replies":[{"embeddable":true,"href":"https:\/\/www.ral-c.com\/de\/wp-json\/wp\/v2\/comments?post=6519"}],"version-history":[{"count":17,"href":"https:\/\/www.ral-c.com\/de\/wp-json\/wp\/v2\/posts\/6519\/revisions"}],"predecessor-version":[{"id":6747,"href":"https:\/\/www.ral-c.com\/de\/wp-json\/wp\/v2\/posts\/6519\/revisions\/6747"}],"wp:featuredmedia":[{"embeddable":true,"href":"https:\/\/www.ral-c.com\/de\/wp-json\/wp\/v2\/media\/6508"}],"wp:attachment":[{"href":"https:\/\/www.ral-c.com\/de\/wp-json\/wp\/v2\/media?parent=6519"}],"wp:term":[{"taxonomy":"category","embeddable":true,"href":"https:\/\/www.ral-c.com\/de\/wp-json\/wp\/v2\/categories?post=6519"},{"taxonomy":"post_tag","embeddable":true,"href":"https:\/\/www.ral-c.com\/de\/wp-json\/wp\/v2\/tags?post=6519"}],"curies":[{"name":"wp","href":"https:\/\/api.w.org\/{rel}","templated":true}]}}